{"id":34166,"date":"2026-09-02T23:36:37","date_gmt":"2026-09-03T02:36:37","guid":{"rendered":"https:\/\/acontecenafronteira.com.br\/?p=34166"},"modified":"2026-09-02T23:36:37","modified_gmt":"2026-09-03T02:36:37","slug":"trump-elogia-presidente-da-colombia-e-destaca-guinada-a-direita","status":"publish","type":"post","link":"https:\/\/acontecenafronteira.com.br\/index.php\/2026\/09\/02\/trump-elogia-presidente-da-colombia-e-destaca-guinada-a-direita\/","title":{"rendered":"Trump elogia presidente da Col\u00f4mbia e destaca guinada \u00e0 direita"},"content":{"rendered":"<p>O ex-presidente dos Estados Unidos, Donald Trump, fez elogios p\u00fablicos nesta quarta-feira (2\/9) a Abelardo de la Espriella, atual mandat\u00e1rio da Col\u00f4mbia, e reivindicou influ\u00eancia direta na vit\u00f3ria do aliado durante a disputa eleitoral no pa\u00eds sul-americano.<\/p>\n<h2>Apoio decisivo e vit\u00f3ria surpreendente<\/h2>\n<p>Segundo o republicano, o colombiano superou as expectativas iniciais em uma corrida eleitoral que contava com outros nove concorrentes, saindo de uma posi\u00e7\u00e3o desfavor\u00e1vel para conquistar o cargo m\u00e1ximo do Executivo nacional.<\/p>\n<p>Trump destacou o apelido do l\u00edder colombiano ao comentar o pleito. O americano afirmou que gostou da alcunha de De la Espriella, interpretando o termo como um sinal de for\u00e7a e firmeza para a gest\u00e3o que se iniciou.<\/p>\n<h2>Parceria estrat\u00e9gica e seguran\u00e7a regional<\/h2>\n<p>Logo ap\u00f3s a posse do novo governo em Bogot\u00e1, a administra\u00e7\u00e3o norte-americana integrou a Col\u00f4mbia ao chamado Escudo das Am\u00e9ricas, uma alian\u00e7a que re\u00fane cerca de 20 na\u00e7\u00f5es para combater cart\u00e9is de drogas e o narcotr\u00e1fico transnacional.<\/p>\n<p>As novas diretrizes da gest\u00e3o colombiana priorizam a coopera\u00e7\u00e3o bilateral intensificada com Washington nas \u00e1reas de seguran\u00e7a p\u00fablica e defesa territorial, fortalecendo os la\u00e7os diplom\u00e1ticos entre os dois pa\u00edses.<\/p>\n<h2>Guinada conservadora na Am\u00e9rica Latina<\/h2>\n<p>O pol\u00edtico estadunidense tamb\u00e9m pontuou que o mapa geopol\u00edtico do hemisf\u00e9rio passa por uma transforma\u00e7\u00e3o ideol\u00f3gica profunda, com a substitui\u00e7\u00e3o de administra\u00e7\u00f5es de esquerda por governos alinhados \u00e0 direita.<\/p>\n<p>Para o republicano, os la\u00e7os diplom\u00e1ticos dos Estados Unidos atravessam um momento positivo com praticamente toda a regi\u00e3o latino-americana, citando nominalmente a Argentina e mencionando boas rela\u00e7\u00f5es com o Brasil, embora tenha evitado citar o atual presidente brasileiro.<\/p>\n<p>Por Reda\u00e7\u00e3o Acontece<\/p>\n<p>Abelardo de la Espriella, eleito presidente da Col\u00f4mbia \u2014 Lucas Aguayo Araos\/Anadolu via Getty Images<\/p>\n","protected":false},"excerpt":{"rendered":"<p>O ex-presidente dos Estados Unidos, Donald Trump, fez elogios p\u00fablicos nesta quarta-feira (2\/9) a Abelardo de la Espriella, atual mandat\u00e1rio da Col\u00f4mbia, e reivindicou influ\u00eancia direta na vit\u00f3ria do aliado durante a disputa eleitoral no pa\u00eds sul-americano. Apoio decisivo e vit\u00f3ria surpreendente Segundo o republicano, o colombiano superou as expectativas iniciais em uma corrida eleitoral [&hellip;]<\/p>\n","protected":false},"author":0,"featured_media":34174,"comment_status":"open","ping_status":"open","sticky":false,"template":"","format":"standard","meta":{"footnotes":""},"categories":[6],"tags":[],"class_list":["post-34166","post","type-post","status-publish","format-standard","has-post-thumbnail","hentry","category-mercosul"],"_links":{"self":[{"href":"https:\/\/acontecenafronteira.com.br\/index.php\/wp-json\/wp\/v2\/posts\/34166","targetHints":{"allow":["GET"]}}],"collection":[{"href":"https:\/\/acontecenafronteira.com.br\/index.php\/wp-json\/wp\/v2\/posts"}],"about":[{"href":"https:\/\/acontecenafronteira.com.br\/index.php\/wp-json\/wp\/v2\/types\/post"}],"replies":[{"embeddable":true,"href":"https:\/\/acontecenafronteira.com.br\/index.php\/wp-json\/wp\/v2\/comments?post=34166"}],"version-history":[{"count":1,"href":"https:\/\/acontecenafronteira.com.br\/index.php\/wp-json\/wp\/v2\/posts\/34166\/revisions"}],"predecessor-version":[{"id":34173,"href":"https:\/\/acontecenafronteira.com.br\/index.php\/wp-json\/wp\/v2\/posts\/34166\/revisions\/34173"}],"wp:featuredmedia":[{"embeddable":true,"href":"https:\/\/acontecenafronteira.com.br\/index.php\/wp-json\/wp\/v2\/media\/34174"}],"wp:attachment":[{"href":"https:\/\/acontecenafronteira.com.br\/index.php\/wp-json\/wp\/v2\/media?parent=34166"}],"wp:term":[{"taxonomy":"category","embeddable":true,"href":"https:\/\/acontecenafronteira.com.br\/index.php\/wp-json\/wp\/v2\/categories?post=34166"},{"taxonomy":"post_tag","embeddable":true,"href":"https:\/\/acontecenafronteira.com.br\/index.php\/wp-json\/wp\/v2\/tags?post=34166"}],"curies":[{"name":"wp","href":"https:\/\/api.w.org\/{rel}","templated":true}]}}