{"id":34165,"date":"2026-09-02T23:36:32","date_gmt":"2026-09-03T02:36:32","guid":{"rendered":"https:\/\/acontecenafronteira.com.br\/?p=34165"},"modified":"2026-09-02T23:36:32","modified_gmt":"2026-09-03T02:36:32","slug":"neymar-sente-dores-na-coxa-e-sai-de-santos-e-palmeiras","status":"publish","type":"post","link":"https:\/\/acontecenafronteira.com.br\/index.php\/2026\/09\/02\/neymar-sente-dores-na-coxa-e-sai-de-santos-e-palmeiras\/","title":{"rendered":"Neymar sente dores na coxa e sai de Santos e Palmeiras"},"content":{"rendered":"<p>O atacante Neymar Jr. precisou ser substitu\u00eddo durante o cl\u00e1ssico entre <strong>Santos<\/strong> e <strong>Palmeiras<\/strong>, disputado nesta quarta-feira (2\/9), pelas quartas de final da <strong>Copa do Brasil<\/strong>. O camisa 10 sentiu dores musculares nos minutos finais da etapa inicial na Vila Belmiro.<\/p>\n<h2>Preocupa\u00e7\u00e3o com a les\u00e3o na coxa<\/h2>\n<p>O jogador levou a m\u00e3o \u00e0 <strong>coxa direita<\/strong> antes mesmo do apito final do primeiro tempo. Imediatamente ap\u00f3s o inc\u00f4modo, o atleta sinalizou para o banco de reservas que n\u00e3o teria condi\u00e7\u00f5es de continuar na partida.<\/p>\n<h2>Substitui\u00e7\u00e3o e andamento do cl\u00e1ssico<\/h2>\n<p>Para o segundo tempo, o t\u00e9cnico optou por colocar <strong>Rony<\/strong> na vaga do craque. A primeira etapa do confronto decisivo havia terminado empatada sem gols no litoral paulista.<\/p>\n<p>No duelo de ida, o Verd\u00e3o havia conquistado uma vit\u00f3ria importante por <strong>3 x 0<\/strong>, construindo uma vantagem consider\u00e1vel na luta por uma vaga na semifinal do torneio nacional.<\/p>\n<p>Por Reda\u00e7\u00e3o Acontece<\/p>\n<p>Foto: Reprodu\u00e7\u00e3o \/ TV Globo<\/p>\n","protected":false},"excerpt":{"rendered":"<p>O atacante Neymar Jr. precisou ser substitu\u00eddo durante o cl\u00e1ssico entre Santos e Palmeiras, disputado nesta quarta-feira (2\/9), pelas quartas de final da Copa do Brasil. O camisa 10 sentiu dores musculares nos minutos finais da etapa inicial na Vila Belmiro. Preocupa\u00e7\u00e3o com a les\u00e3o na coxa O jogador levou a m\u00e3o \u00e0 coxa direita [&hellip;]<\/p>\n","protected":false},"author":0,"featured_media":34172,"comment_status":"open","ping_status":"open","sticky":false,"template":"","format":"standard","meta":{"footnotes":""},"categories":[6],"tags":[],"class_list":["post-34165","post","type-post","status-publish","format-standard","has-post-thumbnail","hentry","category-mercosul"],"_links":{"self":[{"href":"https:\/\/acontecenafronteira.com.br\/index.php\/wp-json\/wp\/v2\/posts\/34165","targetHints":{"allow":["GET"]}}],"collection":[{"href":"https:\/\/acontecenafronteira.com.br\/index.php\/wp-json\/wp\/v2\/posts"}],"about":[{"href":"https:\/\/acontecenafronteira.com.br\/index.php\/wp-json\/wp\/v2\/types\/post"}],"replies":[{"embeddable":true,"href":"https:\/\/acontecenafronteira.com.br\/index.php\/wp-json\/wp\/v2\/comments?post=34165"}],"version-history":[{"count":1,"href":"https:\/\/acontecenafronteira.com.br\/index.php\/wp-json\/wp\/v2\/posts\/34165\/revisions"}],"predecessor-version":[{"id":34171,"href":"https:\/\/acontecenafronteira.com.br\/index.php\/wp-json\/wp\/v2\/posts\/34165\/revisions\/34171"}],"wp:featuredmedia":[{"embeddable":true,"href":"https:\/\/acontecenafronteira.com.br\/index.php\/wp-json\/wp\/v2\/media\/34172"}],"wp:attachment":[{"href":"https:\/\/acontecenafronteira.com.br\/index.php\/wp-json\/wp\/v2\/media?parent=34165"}],"wp:term":[{"taxonomy":"category","embeddable":true,"href":"https:\/\/acontecenafronteira.com.br\/index.php\/wp-json\/wp\/v2\/categories?post=34165"},{"taxonomy":"post_tag","embeddable":true,"href":"https:\/\/acontecenafronteira.com.br\/index.php\/wp-json\/wp\/v2\/tags?post=34165"}],"curies":[{"name":"wp","href":"https:\/\/api.w.org\/{rel}","templated":true}]}}