{"id":34164,"date":"2026-09-02T23:36:29","date_gmt":"2026-09-03T02:36:29","guid":{"rendered":"https:\/\/acontecenafronteira.com.br\/?p=34164"},"modified":"2026-09-02T23:36:29","modified_gmt":"2026-09-03T02:36:29","slug":"leonardo-jardim-analisa-vitoria-do-flamengo-sobre-o-mirassol","status":"publish","type":"post","link":"https:\/\/acontecenafronteira.com.br\/index.php\/2026\/09\/02\/leonardo-jardim-analisa-vitoria-do-flamengo-sobre-o-mirassol\/","title":{"rendered":"Leonardo Jardim analisa vit\u00f3ria do Flamengo sobre o Mirassol"},"content":{"rendered":"<p>O t\u00e9cnico <strong>Leonardo Jardim<\/strong> avaliou o desempenho do <strong>Flamengo<\/strong> na vit\u00f3ria por 2 a 0 sobre o <strong>Mirassol<\/strong>, em partida realizada nesta quarta-feira (2\/9) e v\u00e1lida por um confronto adiado da 4\u00aa rodada do <strong>Campeonato Brasileiro<\/strong>.<\/p>\n<h2>An\u00e1lise t\u00e1tica do triunfo rubro-negro<\/h2>\n<p>O comandante destacou a efic\u00e1cia da marca\u00e7\u00e3o alta e a solidez defensiva da equipe ao longo do duelo disputado no Maracan\u00e3. Segundo o treinador, o grupo soube administrar o resultado constru\u00eddo ainda na etapa inicial.<\/p>\n<p>&#8220;Acho que pressionamos bem, chegamos ao 2 x 0 e depois conseguimos muitas vezes em um bloco m\u00e9dio defender e n\u00e3o deixar criarem grandes situa\u00e7\u00f5es. Algumas decis\u00f5es poderiam ser melhores no segundo tempo para construir outras situa\u00e7\u00f5es de ataque, mas o importante \u00e9 conseguir os tr\u00eas pontos&#8221;, pontuou o t\u00e9cnico.<\/p>\n<h2>Substitui\u00e7\u00e3o e rea\u00e7\u00e3o de Samuel Lino<\/h2>\n<p>Durante a entrevista coletiva p\u00f3s-jogo, o comandante rubro-negro tamb\u00e9m comentou a irrita\u00e7\u00e3o demonstrada pelo atacante <strong>Samuel Lino<\/strong> ao ser substitu\u00eddo durante o confronto.<\/p>\n<p>O t\u00e9cnico minimizou o epis\u00f3dio e explicou que a frustra\u00e7\u00e3o do atleta estava relacionada exclusivamente ao seu desempenho individual em campo, marcada por erros t\u00e9cnicos e pelas condi\u00e7\u00f5es do gramado.<\/p>\n<p>&#8220;Ele sai e n\u00e3o passou por mim, desviou. Disse para vir me cumprimentar. Ele: &#8216;porra, a bola n\u00e3o consegue passar, o gramado est\u00e1 escorregando\u2026&#8217;. Imagina, n\u00e3o tenho nada a ver com isso. Isso \u00e9 para todos (risos), n\u00e3o tenho nada a ver com isso. Cumprimenta e depois vai para tr\u00e1s. Ele estava triste por ter errado alguns passes, ter algumas bolas ali no campo&#8221;, declarou.<\/p>\n<p>O comandante ainda refor\u00e7ou que compreende o desejo dos atletas de permanecerem em campo, mas destacou que a tomada de decis\u00f5es faz estritamente parte de suas atribui\u00e7\u00f5es \u00e0 frente da comiss\u00e3o t\u00e9cnica.<\/p>\n<h2>Situa\u00e7\u00e3o na tabela e pr\u00f3ximos passos<\/h2>\n<p>Com este resultado positivo, o time da G\u00e1vea chegou aos 51 pontos e consolidou a vice-lideran\u00e7a da <strong>S\u00e9rie A<\/strong>, reduzindo para apenas um ponto a dist\u00e2ncia em rela\u00e7\u00e3o ao l\u00edder <strong>Palmeiras<\/strong>.<\/p>\n<p>O pr\u00f3ximo desafio do clube carioca na competi\u00e7\u00e3o nacional est\u00e1 marcado para o pr\u00f3ximo domingo (6\/9). \u00c0s 16h, a equipe entra em campo para enfrentar o <strong>Clube do Remo<\/strong> no Est\u00e1dio Mangueir\u00e3o, pela 26\u00aa rodada do torneio.<\/p>\n<p>Por Reda\u00e7\u00e3o Acontece<\/p>\n<p>Gilvan de Souza\/Flamengo<\/p>\n","protected":false},"excerpt":{"rendered":"<p>O t\u00e9cnico Leonardo Jardim avaliou o desempenho do Flamengo na vit\u00f3ria por 2 a 0 sobre o Mirassol, em partida realizada nesta quarta-feira (2\/9) e v\u00e1lida por um confronto adiado da 4\u00aa rodada do Campeonato Brasileiro. An\u00e1lise t\u00e1tica do triunfo rubro-negro O comandante destacou a efic\u00e1cia da marca\u00e7\u00e3o alta e a solidez defensiva da equipe [&hellip;]<\/p>\n","protected":false},"author":0,"featured_media":34170,"comment_status":"open","ping_status":"open","sticky":false,"template":"","format":"standard","meta":{"footnotes":""},"categories":[6],"tags":[],"class_list":["post-34164","post","type-post","status-publish","format-standard","has-post-thumbnail","hentry","category-mercosul"],"_links":{"self":[{"href":"https:\/\/acontecenafronteira.com.br\/index.php\/wp-json\/wp\/v2\/posts\/34164","targetHints":{"allow":["GET"]}}],"collection":[{"href":"https:\/\/acontecenafronteira.com.br\/index.php\/wp-json\/wp\/v2\/posts"}],"about":[{"href":"https:\/\/acontecenafronteira.com.br\/index.php\/wp-json\/wp\/v2\/types\/post"}],"replies":[{"embeddable":true,"href":"https:\/\/acontecenafronteira.com.br\/index.php\/wp-json\/wp\/v2\/comments?post=34164"}],"version-history":[{"count":1,"href":"https:\/\/acontecenafronteira.com.br\/index.php\/wp-json\/wp\/v2\/posts\/34164\/revisions"}],"predecessor-version":[{"id":34169,"href":"https:\/\/acontecenafronteira.com.br\/index.php\/wp-json\/wp\/v2\/posts\/34164\/revisions\/34169"}],"wp:featuredmedia":[{"embeddable":true,"href":"https:\/\/acontecenafronteira.com.br\/index.php\/wp-json\/wp\/v2\/media\/34170"}],"wp:attachment":[{"href":"https:\/\/acontecenafronteira.com.br\/index.php\/wp-json\/wp\/v2\/media?parent=34164"}],"wp:term":[{"taxonomy":"category","embeddable":true,"href":"https:\/\/acontecenafronteira.com.br\/index.php\/wp-json\/wp\/v2\/categories?post=34164"},{"taxonomy":"post_tag","embeddable":true,"href":"https:\/\/acontecenafronteira.com.br\/index.php\/wp-json\/wp\/v2\/tags?post=34164"}],"curies":[{"name":"wp","href":"https:\/\/api.w.org\/{rel}","templated":true}]}}