{"id":34163,"date":"2026-09-02T23:36:24","date_gmt":"2026-09-03T02:36:24","guid":{"rendered":"https:\/\/acontecenafronteira.com.br\/?p=34163"},"modified":"2026-09-02T23:36:24","modified_gmt":"2026-09-03T02:36:24","slug":"palmeiras-empata-com-o-santos-e-avanca-a-semifinal-da-copa-do-brasil","status":"publish","type":"post","link":"https:\/\/acontecenafronteira.com.br\/index.php\/2026\/09\/02\/palmeiras-empata-com-o-santos-e-avanca-a-semifinal-da-copa-do-brasil\/","title":{"rendered":"Palmeiras empata com o Santos e avan\u00e7a \u00e0 semifinal da Copa do Brasil"},"content":{"rendered":"<p>Garantindo a vaga com <strong>autoridade<\/strong>, o Palmeiras empatou em 0 x 0 com o Santos nesta quarta-feira (2\/9), na Vila Belmiro, e assegurou sua classifica\u00e7\u00e3o para as semifinais da <strong>Copa do Brasil<\/strong>.<\/p>\n<h2>A vantagem constru\u00edda no primeiro jogo<\/h2>\n<p>O resultado sem gols foi suficiente para o Verd\u00e3o por conta da <strong>vit\u00f3ria por 3 x 0<\/strong> no confronto de ida, disputado no Nubank Parque, em S\u00e3o Paulo. Naquela ocasi\u00e3o, Flaco L\u00f3pez \u2014 que teve contrato renovado at\u00e9 2030 \u2014 balan\u00e7ou as redes duas vezes, enquanto Andreas Pereira completou o marcador, construindo a s\u00f3lida vantagem que prevaleceu no placar agregado.<\/p>\n<h2>Resumo do primeiro tempo na Vila Belmiro<\/h2>\n<p>A partida come\u00e7ou intensa e logo no primeiro minuto Felipe Anderson recebeu cart\u00e3o amarelo ap\u00f3s falta em Neymar, puni\u00e7\u00e3o que tamb\u00e9m foi aplicada a Gonzalo Escobar do lado santista. O Peixe tentou reagir cedo com chutes de Igor Vin\u00edcius e uma cobran\u00e7a de falta de Neymar, ambos defendidos por Carlos Miguel. A melhor oportunidade alviverde na etapa inicial ocorreu aos 17 minutos, quando Flaco L\u00f3pez cruzou para tr\u00e1s e Maur\u00edcio finalizou por cima do travessu\u00e1rio. Pouco depois, Giay parou em defesa de Gabriel Braz\u00e3o e, no rebote, Maur\u00edcio novamente desperdi\u00e7ou a chance. Nos acr\u00e9scimos, um cruzamento perigoso de Gabigol passou por todo mundo e saiu pela linha de fundo.<\/p>\n<h2>Mudan\u00e7as e segundo tempo decisivo<\/h2>\n<p>Para a etapa complementar, o t\u00e9cnico do Santos promoveu tr\u00eas altera\u00e7\u00f5es: Rony entrou na vaga de Neymar \u2014 que deixou o gramado sentindo dores \u2014, Daivinho substituiu Igor Vin\u00edcius e Mois\u00e9s entrou no lugar de Lucas Ver\u00edssimo. O Palmeiras respondeu sacando Felipe Anderson e Flaco L\u00f3pez para as entradas de Khellven e Vitor Roque. Aos 11 minutos, a dupla Giay e Khellven criou boa jogada que terminou em cabeceio para fora de Vitor Roque. O time da casa ainda teve chance com um chute furado de Gabigol ap\u00f3s cruzamento de Escobar e uma tentativa de Rony que acabou isolada aos 22 minutos.<\/p>\n<h2>Pr\u00f3ximos compromissos na temporada<\/h2>\n<p>Com o objetivo cumprido no torneio mata-mata, os dois clubes voltam suas aten\u00e7\u00f5es para o Campeonato Brasileiro. O Santos viaja para Porto Alegre para enfrentar o Internacional no pr\u00f3ximo domingo (6\/9), \u00e0s 16h, no Est\u00e1dio Beira-Rio, pela 26\u00aa rodada. No mesmo dia, \u00e0s 18h30, o Palmeiras visita o Botafogo no Est\u00e1dio Nilton Santos, no Rio de Janeiro, tamb\u00e9m em partida v\u00e1lida pela 26\u00aa rodada da competi\u00e7\u00e3o nacional.<\/p>\n<p>Por Reda\u00e7\u00e3o Acontece<\/p>\n<p>Imagem: Divulga\u00e7\u00e3o \/ Palmeiras<\/p>\n","protected":false},"excerpt":{"rendered":"<p>Garantindo a vaga com autoridade, o Palmeiras empatou em 0 x 0 com o Santos nesta quarta-feira (2\/9), na Vila Belmiro, e assegurou sua classifica\u00e7\u00e3o para as semifinais da Copa do Brasil. A vantagem constru\u00edda no primeiro jogo O resultado sem gols foi suficiente para o Verd\u00e3o por conta da vit\u00f3ria por 3 x 0 [&hellip;]<\/p>\n","protected":false},"author":0,"featured_media":34168,"comment_status":"open","ping_status":"open","sticky":false,"template":"","format":"standard","meta":{"footnotes":""},"categories":[6],"tags":[],"class_list":["post-34163","post","type-post","status-publish","format-standard","has-post-thumbnail","hentry","category-mercosul"],"_links":{"self":[{"href":"https:\/\/acontecenafronteira.com.br\/index.php\/wp-json\/wp\/v2\/posts\/34163","targetHints":{"allow":["GET"]}}],"collection":[{"href":"https:\/\/acontecenafronteira.com.br\/index.php\/wp-json\/wp\/v2\/posts"}],"about":[{"href":"https:\/\/acontecenafronteira.com.br\/index.php\/wp-json\/wp\/v2\/types\/post"}],"replies":[{"embeddable":true,"href":"https:\/\/acontecenafronteira.com.br\/index.php\/wp-json\/wp\/v2\/comments?post=34163"}],"version-history":[{"count":1,"href":"https:\/\/acontecenafronteira.com.br\/index.php\/wp-json\/wp\/v2\/posts\/34163\/revisions"}],"predecessor-version":[{"id":34167,"href":"https:\/\/acontecenafronteira.com.br\/index.php\/wp-json\/wp\/v2\/posts\/34163\/revisions\/34167"}],"wp:featuredmedia":[{"embeddable":true,"href":"https:\/\/acontecenafronteira.com.br\/index.php\/wp-json\/wp\/v2\/media\/34168"}],"wp:attachment":[{"href":"https:\/\/acontecenafronteira.com.br\/index.php\/wp-json\/wp\/v2\/media?parent=34163"}],"wp:term":[{"taxonomy":"category","embeddable":true,"href":"https:\/\/acontecenafronteira.com.br\/index.php\/wp-json\/wp\/v2\/categories?post=34163"},{"taxonomy":"post_tag","embeddable":true,"href":"https:\/\/acontecenafronteira.com.br\/index.php\/wp-json\/wp\/v2\/tags?post=34163"}],"curies":[{"name":"wp","href":"https:\/\/api.w.org\/{rel}","templated":true}]}}