{"id":34153,"date":"2026-09-02T23:35:56","date_gmt":"2026-09-03T02:35:56","guid":{"rendered":"https:\/\/acontecenafronteira.com.br\/?p=34153"},"modified":"2026-09-02T23:35:56","modified_gmt":"2026-09-03T02:35:56","slug":"pec-da-seguranca-publica-e-adiada-para-apos-o-primeiro-turno","status":"publish","type":"post","link":"https:\/\/acontecenafronteira.com.br\/index.php\/2026\/09\/02\/pec-da-seguranca-publica-e-adiada-para-apos-o-primeiro-turno\/","title":{"rendered":"PEC da Seguran\u00e7a P\u00fablica \u00e9 adiada para ap\u00f3s o primeiro turno"},"content":{"rendered":"<p>A an\u00e1lise da PEC da Seguran\u00e7a P\u00fablica no Senado foi oficialmente adiada para depois do primeiro turno das elei\u00e7\u00f5es, conforme confirmou o presidente da Comiss\u00e3o de Constitui\u00e7\u00e3o e Justi\u00e7a, Otto Alencar.<\/p>\n<h2>O andamento na CCJ do Senado<\/h2>\n<p>Apesar de ter aprovado o texto-base nesta quarta-feira, a comiss\u00e3o ainda precisa votar alguns trechos destacados separadamente antes que a proposta possa seguir para o plen\u00e1rio. Com o acordo entre os parlamentares para encerrar as sess\u00f5es de vota\u00e7\u00e3o desta semana devido ao per\u00edodo eleitoral, a conclus\u00e3o do processo ficou para o retorno das atividades regulares do Congresso.<\/p>\n<h2>Mudan\u00e7as no texto e impacto nos esportes<\/h2>\n<p>O relator da proposta, senador Rog\u00e9rio Carvalho, realizou modifica\u00e7\u00f5es importantes para atender a demandas do setor esportivo. O parlamentar retirou do projeto o trecho que previa o repasse de verbas das apostas esportivas para o Fundo Nacional de Seguran\u00e7a P\u00fablica e o Fundo Penitenci\u00e1rio Nacional.<\/p>\n<p>Essa altera\u00e7\u00e3o evitou um corte de 30% nos recursos destinados ao Minist\u00e9rio do Esporte, ao Comit\u00ea Ol\u00edmpico Brasileiro e ao Comit\u00ea Brasileiro de Clubes. Como a mudan\u00e7a foi tratada como emenda de reda\u00e7\u00e3o e n\u00e3o de m\u00e9rito, o texto n\u00e3o precisar\u00e1 retornar para uma nova an\u00e1lise na C\u00e2mara dos Deputados.<\/p>\n<h2>Principais diretrizes da proposta do governo<\/h2>\n<p>Aprovada inicialmente pela C\u00e2mara em mar\u00e7o ap\u00f3s amplo acordo pol\u00edtico, a iniciativa \u00e9 considerada a principal aposta da gest\u00e3o do presidente Luiz In\u00e1cio Lula da Silva para o setor. O projeto amplia as atribui\u00e7\u00f5es da Uni\u00e3o na \u00e1rea de seguran\u00e7a p\u00fablica.<\/p>\n<p>Entre as medidas previstas no texto est\u00e3o o impedimento da progress\u00e3o de regime para criminosos perigosos, como membros de fac\u00e7\u00f5es, e o aumento da seguran\u00e7a jur\u00eddica para que a Pol\u00edcia Federal atue de forma mais efetiva contra mil\u00edcias e o crime organizado em todo o pa\u00eds.<\/p>\n<p>Por Reda\u00e7\u00e3o Acontece<\/p>\n<p>Foto: Divulga\u00e7\u00e3o \/ Ag\u00eancia Senado<\/p>\n","protected":false},"excerpt":{"rendered":"<p>A an\u00e1lise da PEC da Seguran\u00e7a P\u00fablica no Senado foi oficialmente adiada para depois do primeiro turno das elei\u00e7\u00f5es, conforme confirmou o presidente da Comiss\u00e3o de Constitui\u00e7\u00e3o e Justi\u00e7a, Otto Alencar. O andamento na CCJ do Senado Apesar de ter aprovado o texto-base nesta quarta-feira, a comiss\u00e3o ainda precisa votar alguns trechos destacados separadamente antes [&hellip;]<\/p>\n","protected":false},"author":0,"featured_media":34159,"comment_status":"open","ping_status":"open","sticky":false,"template":"","format":"standard","meta":{"footnotes":""},"categories":[28],"tags":[],"class_list":["post-34153","post","type-post","status-publish","format-standard","has-post-thumbnail","hentry","category-mundo"],"_links":{"self":[{"href":"https:\/\/acontecenafronteira.com.br\/index.php\/wp-json\/wp\/v2\/posts\/34153","targetHints":{"allow":["GET"]}}],"collection":[{"href":"https:\/\/acontecenafronteira.com.br\/index.php\/wp-json\/wp\/v2\/posts"}],"about":[{"href":"https:\/\/acontecenafronteira.com.br\/index.php\/wp-json\/wp\/v2\/types\/post"}],"replies":[{"embeddable":true,"href":"https:\/\/acontecenafronteira.com.br\/index.php\/wp-json\/wp\/v2\/comments?post=34153"}],"version-history":[{"count":1,"href":"https:\/\/acontecenafronteira.com.br\/index.php\/wp-json\/wp\/v2\/posts\/34153\/revisions"}],"predecessor-version":[{"id":34158,"href":"https:\/\/acontecenafronteira.com.br\/index.php\/wp-json\/wp\/v2\/posts\/34153\/revisions\/34158"}],"wp:featuredmedia":[{"embeddable":true,"href":"https:\/\/acontecenafronteira.com.br\/index.php\/wp-json\/wp\/v2\/media\/34159"}],"wp:attachment":[{"href":"https:\/\/acontecenafronteira.com.br\/index.php\/wp-json\/wp\/v2\/media?parent=34153"}],"wp:term":[{"taxonomy":"category","embeddable":true,"href":"https:\/\/acontecenafronteira.com.br\/index.php\/wp-json\/wp\/v2\/categories?post=34153"},{"taxonomy":"post_tag","embeddable":true,"href":"https:\/\/acontecenafronteira.com.br\/index.php\/wp-json\/wp\/v2\/tags?post=34153"}],"curies":[{"name":"wp","href":"https:\/\/api.w.org\/{rel}","templated":true}]}}