{"id":34152,"date":"2026-09-02T23:35:52","date_gmt":"2026-09-03T02:35:52","guid":{"rendered":"https:\/\/acontecenafronteira.com.br\/?p=34152"},"modified":"2026-09-02T23:35:52","modified_gmt":"2026-09-03T02:35:52","slug":"michael-owen-abre-o-coracao-sobre-cegueira-do-filho-de-20-anos","status":"publish","type":"post","link":"https:\/\/acontecenafronteira.com.br\/index.php\/2026\/09\/02\/michael-owen-abre-o-coracao-sobre-cegueira-do-filho-de-20-anos\/","title":{"rendered":"Michael Owen abre o cora\u00e7\u00e3o sobre cegueira do filho de 20 anos"},"content":{"rendered":"<p>Michael Owen abre o cora\u00e7\u00e3o sobre cegueira do filho de 20 anos Descubra como o ex-jogador Michael Owen lida com a doen\u00e7a rara que deixou seu filho James clinicamente cego. Leia os detalhes da emocionante hist\u00f3ria. O ex-jogador de futebol Michael Owen abriu o jogo sobre a condi\u00e7\u00e3o ocular rara que afetou seu filho James, hoje com 20 anos. O jovem foi diagnosticado com a <strong>doen\u00e7a de Stargardt<\/strong> aos oito anos de idade, perdendo gradualmente a vis\u00e3o central e tornando-se clinicamente cego, enxergando apenas pela periferia. <\/p>\n<h2>O impacto da doen\u00e7a de Stargardt na juventude<\/h2>\n<p> A condi\u00e7\u00e3o \u00e9 uma enfermidade heredit\u00e1ria e incomum que atinge a retina. O problema surge devido ao ac\u00famulo de res\u00edduos gordurosos na \u00e1rea central da retina, provocando a deteriora\u00e7\u00e3o progressiva da capacidade visual. O diagn\u00f3stico de James ocorreu ap\u00f3s uma professora notar dificuldades dele para enxergar a lousa na escola prim\u00e1ria. A enfermidade acomete cerca de uma em cada 10 mil pessoas no planeta, mudando completamente a din\u00e2mica da fam\u00edlia. <\/p>\n<h2>Aproxima\u00e7\u00e3o entre pai e filho<\/h2>\n<p> Apesar das adversidades impostas pela defici\u00eancia visual, Michael Owen revelou que a situa\u00e7\u00e3o acabou aproximando ainda mais os dois. O ex-atacante relata que atua como o motorista e o suporte do filho em diversas ocasi\u00f5es cotidianas, como em restaurantes e eventos de automobilismo. O ex-atleta confessou que chegou a sentir culpa no in\u00edcio, mas hoje prefere focar nos momentos que ganha ao lado do rapaz. Ele destacou que a resili\u00eancia e o bom humor de James evitam que o jovem sinta pena de si mesmo, mantendo uma postura ativa diante da vida. <\/p>\n<h2>O fim do sonho no futebol e a nova s\u00e9rie documental<\/h2>\n<p> Antes da manifesta\u00e7\u00e3o severa da enfermidade, James tinha o forte desejo de seguir os passos do pai nos gramados. A perda da vis\u00e3o central, contudo, encerrou essa possibilidade, gerando momentos dif\u00edceis e l\u00e1grimas na adolesc\u00eancia. A hist\u00f3ria da fam\u00edlia ganhou destaque na s\u00e9rie documental <strong>Meet the Owens<\/strong>, exibida no Reino Unido e na Irlanda. A produ\u00e7\u00e3o retrata o cotidiano da fam\u00edlia Owen e o envolvimento deles com o mercado de cria\u00e7\u00e3o e corridas de cavalos, nova paix\u00e3o de Michael ap\u00f3s pendurar as chuteiras. Por Reda\u00e7\u00e3o Acontece Reprodu\u00e7\u00e3o | Youtube<\/p>\n","protected":false},"excerpt":{"rendered":"<p>Michael Owen abre o cora\u00e7\u00e3o sobre cegueira do filho de 20 anos Descubra como o ex-jogador Michael Owen lida com a doen\u00e7a rara que deixou seu filho James clinicamente cego. Leia os detalhes da emocionante hist\u00f3ria. O ex-jogador de futebol Michael Owen abriu o jogo sobre a condi\u00e7\u00e3o ocular rara que afetou seu filho James, [&hellip;]<\/p>\n","protected":false},"author":0,"featured_media":34157,"comment_status":"open","ping_status":"open","sticky":false,"template":"","format":"standard","meta":{"footnotes":""},"categories":[28],"tags":[],"class_list":["post-34152","post","type-post","status-publish","format-standard","has-post-thumbnail","hentry","category-mundo"],"_links":{"self":[{"href":"https:\/\/acontecenafronteira.com.br\/index.php\/wp-json\/wp\/v2\/posts\/34152","targetHints":{"allow":["GET"]}}],"collection":[{"href":"https:\/\/acontecenafronteira.com.br\/index.php\/wp-json\/wp\/v2\/posts"}],"about":[{"href":"https:\/\/acontecenafronteira.com.br\/index.php\/wp-json\/wp\/v2\/types\/post"}],"replies":[{"embeddable":true,"href":"https:\/\/acontecenafronteira.com.br\/index.php\/wp-json\/wp\/v2\/comments?post=34152"}],"version-history":[{"count":1,"href":"https:\/\/acontecenafronteira.com.br\/index.php\/wp-json\/wp\/v2\/posts\/34152\/revisions"}],"predecessor-version":[{"id":34156,"href":"https:\/\/acontecenafronteira.com.br\/index.php\/wp-json\/wp\/v2\/posts\/34152\/revisions\/34156"}],"wp:featuredmedia":[{"embeddable":true,"href":"https:\/\/acontecenafronteira.com.br\/index.php\/wp-json\/wp\/v2\/media\/34157"}],"wp:attachment":[{"href":"https:\/\/acontecenafronteira.com.br\/index.php\/wp-json\/wp\/v2\/media?parent=34152"}],"wp:term":[{"taxonomy":"category","embeddable":true,"href":"https:\/\/acontecenafronteira.com.br\/index.php\/wp-json\/wp\/v2\/categories?post=34152"},{"taxonomy":"post_tag","embeddable":true,"href":"https:\/\/acontecenafronteira.com.br\/index.php\/wp-json\/wp\/v2\/tags?post=34152"}],"curies":[{"name":"wp","href":"https:\/\/api.w.org\/{rel}","templated":true}]}}