{"id":34143,"date":"2026-09-02T22:37:00","date_gmt":"2026-09-03T01:37:00","guid":{"rendered":"https:\/\/acontecenafronteira.com.br\/?p=34143"},"modified":"2026-09-02T22:37:00","modified_gmt":"2026-09-03T01:37:00","slug":"morre-carla-jeffery-estrela-de-zombies-da-disney-aos-33-anos","status":"publish","type":"post","link":"https:\/\/acontecenafronteira.com.br\/index.php\/2026\/09\/02\/morre-carla-jeffery-estrela-de-zombies-da-disney-aos-33-anos\/","title":{"rendered":"Morre Carla Jeffery, estrela de Zombies da Disney, aos 33 anos"},"content":{"rendered":"<p>Atores, f\u00e3s e familiares lamentam a partida precoce de Carla Jeffery, conhecida nacionalmente por dar vida \u00e0 personagem Bree na popular franquia <strong>Zombies<\/strong>, produzida pelos est\u00fadios <strong>Disney<\/strong>. A artista faleceu no dia 1\u00ba de setembro de 2026, com apenas 33 anos de idade, deixando um legado marcante no entretenimento infanto-juvenil.<\/p>\n<h2>Confirma\u00e7\u00e3o da ag\u00eancia e parceria de longa data<\/h2>\n<p>A not\u00edcia do falecimento foi tornada p\u00fablica somente no dia seguinte atrav\u00e9s de uma nota oficial emitida pela <strong>Alexanders Talent Management<\/strong>, ag\u00eancia respons\u00e1vel por gerenciar a carreira da artista desde a sua pr\u00e9-adolesc\u00eancia. A causa do \u00f3bito n\u00e3o foi revelada ao p\u00fablico.<\/p>\n<p>No comunicado divulgado nas redes sociais, os representantes destacaram a longa rela\u00e7\u00e3o de parceria que durou mais de duas d\u00e9cadas. A empresa enfatizou o privil\u00e9gio de ter testemunhado a evolu\u00e7\u00e3o da jovem, desde os seus primeiros passos no meio art\u00edstico at\u00e9 a consolida\u00e7\u00e3o de sua carreira na televis\u00e3o e no cinema.<\/p>\n<h2>Legado na franquia de sucesso da Disney<\/h2>\n<p>O grande destaque da trajet\u00f3ria art\u00edstica de Carla foi a sua participa\u00e7\u00e3o nos tr\u00eas primeiros filmes da saga <strong>Zombies<\/strong>, onde interpretou a memor\u00e1vel Bree. A personagem conquistou o p\u00fablico jovem e garantiu \u00e0 atriz um lugar de destaque entre os rostos mais queridos das produ\u00e7\u00f5es recentes do canal infantil.<\/p>\n<p>Al\u00e9m do impacto profissional na ind\u00fastria do entretenimento, a artista era amplamente querida por colegas de profiss\u00e3o e familiares, que ressaltaram sua personalidade marcante, generosidade e o brilho constante que demonstrava nos bastidores das grava\u00e7\u00f5es.<\/p>\n<h2>Homenagem emocionada da fam\u00edlia<\/h2>\n<p>O falecimento tamb\u00e9m foi confirmado publicamente pelo irm\u00e3o da atriz, o tamb\u00e9m ator <strong>Carlon Jeffery<\/strong>, atrav\u00e9s de suas redes sociais. Ele compartilhou uma mensagem de carinho e admira\u00e7\u00e3o que havia enviado \u00e0 irm\u00e3 em vida, exaltando sua trajet\u00f3ria de supera\u00e7\u00e3o.<\/p>\n<p>Na publica\u00e7\u00e3o, o irm\u00e3o destacou a for\u00e7a e a alegria contagiante da artista, pedindo para que sua luz e seu legado jamais sejam esquecidos pelos admiradores que acompanharam seu trabalho ao longo dos anos na telinha.<\/p>\n<p>Por Reda\u00e7\u00e3o Acontece<\/p>\n<p>Cr\u00e9ditos da imagem: Divulga\u00e7\u00e3o\/Disney e Getty Images<\/p>\n","protected":false},"excerpt":{"rendered":"<p>Atores, f\u00e3s e familiares lamentam a partida precoce de Carla Jeffery, conhecida nacionalmente por dar vida \u00e0 personagem Bree na popular franquia Zombies, produzida pelos est\u00fadios Disney. A artista faleceu no dia 1\u00ba de setembro de 2026, com apenas 33 anos de idade, deixando um legado marcante no entretenimento infanto-juvenil. Confirma\u00e7\u00e3o da ag\u00eancia e parceria [&hellip;]<\/p>\n","protected":false},"author":0,"featured_media":34151,"comment_status":"open","ping_status":"open","sticky":false,"template":"","format":"standard","meta":{"footnotes":""},"categories":[6],"tags":[],"class_list":["post-34143","post","type-post","status-publish","format-standard","has-post-thumbnail","hentry","category-mercosul"],"_links":{"self":[{"href":"https:\/\/acontecenafronteira.com.br\/index.php\/wp-json\/wp\/v2\/posts\/34143","targetHints":{"allow":["GET"]}}],"collection":[{"href":"https:\/\/acontecenafronteira.com.br\/index.php\/wp-json\/wp\/v2\/posts"}],"about":[{"href":"https:\/\/acontecenafronteira.com.br\/index.php\/wp-json\/wp\/v2\/types\/post"}],"replies":[{"embeddable":true,"href":"https:\/\/acontecenafronteira.com.br\/index.php\/wp-json\/wp\/v2\/comments?post=34143"}],"version-history":[{"count":1,"href":"https:\/\/acontecenafronteira.com.br\/index.php\/wp-json\/wp\/v2\/posts\/34143\/revisions"}],"predecessor-version":[{"id":34150,"href":"https:\/\/acontecenafronteira.com.br\/index.php\/wp-json\/wp\/v2\/posts\/34143\/revisions\/34150"}],"wp:featuredmedia":[{"embeddable":true,"href":"https:\/\/acontecenafronteira.com.br\/index.php\/wp-json\/wp\/v2\/media\/34151"}],"wp:attachment":[{"href":"https:\/\/acontecenafronteira.com.br\/index.php\/wp-json\/wp\/v2\/media?parent=34143"}],"wp:term":[{"taxonomy":"category","embeddable":true,"href":"https:\/\/acontecenafronteira.com.br\/index.php\/wp-json\/wp\/v2\/categories?post=34143"},{"taxonomy":"post_tag","embeddable":true,"href":"https:\/\/acontecenafronteira.com.br\/index.php\/wp-json\/wp\/v2\/tags?post=34143"}],"curies":[{"name":"wp","href":"https:\/\/api.w.org\/{rel}","templated":true}]}}