{"id":34142,"date":"2026-09-02T22:36:55","date_gmt":"2026-09-03T01:36:55","guid":{"rendered":"https:\/\/acontecenafronteira.com.br\/?p=34142"},"modified":"2026-09-02T22:36:55","modified_gmt":"2026-09-03T01:36:55","slug":"roraima-decreta-emergencia-por-seca-severa-e-el-nino","status":"publish","type":"post","link":"https:\/\/acontecenafronteira.com.br\/index.php\/2026\/09\/02\/roraima-decreta-emergencia-por-seca-severa-e-el-nino\/","title":{"rendered":"Roraima decreta emerg\u00eancia por seca severa e El Ni\u00f1o"},"content":{"rendered":"<p>Diante do agravamento da escassez h\u00eddrica e dos impactos do fen\u00f4meno clim\u00e1tico El Ni\u00f1o, o governo estadual formalizou, nesta quarta-feira (2\/9), um decreto de situa\u00e7\u00e3o de emerg\u00eancia com validade de 180 dias.<\/p>\n<h2>A\u00e7\u00f5es estrat\u00e9gicas contra a estiagem<\/h2>\n<p>Para coordenar as estrat\u00e9gias de resposta r\u00e1pida e preven\u00e7\u00e3o, a gest\u00e3o estadual instituiu o <b>Gabinete Integrado da Opera\u00e7\u00e3o El Ni\u00f1o 2026-2027<\/b>. O grupo estrat\u00e9gico une 19 \u00f3rg\u00e3os p\u00fablicos com o objetivo de mitigar os danos provocados pela falta de chuvas, pela escassez de recursos h\u00eddricos e pela prolifera\u00e7\u00e3o de inc\u00eandios florestais na regi\u00e3o.<\/p>\n<p>As previs\u00f5es meteorol\u00f3gicas indicam um per\u00edodo prolongado de seca severa, o que j\u00e1 acendeu o sinal amarelo para a economia local. O governador Soldado Sampaio destacou que o setor agr\u00edcola sofre impactos severos, com quedas que superam 30% na colheita de gr\u00e3os essenciais como soja e milho, al\u00e9m da redu\u00e7\u00e3o dr\u00e1stica no volume dos cursos d&#8217;\u00e1gua.<\/p>\n<h2>Impacto nos rios e abastecimento<\/h2>\n<p>Conforme dados t\u00e9cnicos do <b>Sistema de Prote\u00e7\u00e3o da Amaz\u00f4nia (Sipam)<\/b> levantados no final de agosto, a situa\u00e7\u00e3o fluvial \u00e9 alarmante. No munic\u00edpio de Boa Vista, a r\u00e9gua do rio Branco marcou apenas 1,38 metro em 27 de agosto \u2014 uma retra\u00e7\u00e3o de 70,3% em rela\u00e7\u00e3o \u00e0 m\u00e9dia hist\u00f3rica esperada para o m\u00eas, que \u00e9 de 4,64 metros. Na cidade de Caracara\u00ed, o cen\u00e1rio se repete com a medi\u00e7\u00e3o de 2,05 metros, ficando 62,7% abaixo dos 5,50 metros tradicionais.<\/p>\n<p>Essa baixa hist\u00f3rica compromete severamente a navega\u00e7\u00e3o fluvial, o suprimento de \u00e1gua pot\u00e1vel e a subsist\u00eancia de popula\u00e7\u00f5es ribeirinhas, ind\u00edgenas e moradores de zonas rurais. Como resposta imediata, a <b>Companhia de \u00c1guas e Esgotos de Roraima (Caer)<\/b> planeja a abertura de po\u00e7os artesianos nas regi\u00f5es mais vulner\u00e1veis.<\/p>\n<h2>Disparo nos focos de calor<\/h2>\n<p>Al\u00e9m da crise h\u00eddrica, o tempo seco tem impulsionado as chamadas queimadas. O <b>Instituto Nacional de Pesquisas Espaciais (Inpe)<\/b> contabilizou 87 focos de calor no estado at\u00e9 o dia 27 de agosto, superando a marca hist\u00f3rica anterior para o m\u00eas, registrada em 2023, quando houve 78 ocorr\u00eancias. O salto \u00e9 ainda mais expressivo quando comparado a agosto de 2025, registrando uma alta de 135% em rela\u00e7\u00e3o aos 37 focos daquele per\u00edodo.<\/p>\n<p>Para conter o avan\u00e7o das chamas, a administra\u00e7\u00e3o p\u00fablica j\u00e1 garantiu a contrata\u00e7\u00e3o de 157 brigadistas, com a previs\u00e3o de convocar outros 47 profissionais. A recomenda\u00e7\u00e3o oficial aos agricultores \u00e9 a implementa\u00e7\u00e3o urgente de aceiros e a suspens\u00e3o de qualquer pr\u00e1tica de manejo com uso de fogo.<\/p>\n<p>Por Reda\u00e7\u00e3o Acontece<\/p>\n<p>Cr\u00e9ditos da imagem: Governo de Roraima \/ Divulga\u00e7\u00e3o<\/p>\n","protected":false},"excerpt":{"rendered":"<p>Diante do agravamento da escassez h\u00eddrica e dos impactos do fen\u00f4meno clim\u00e1tico El Ni\u00f1o, o governo estadual formalizou, nesta quarta-feira (2\/9), um decreto de situa\u00e7\u00e3o de emerg\u00eancia com validade de 180 dias. A\u00e7\u00f5es estrat\u00e9gicas contra a estiagem Para coordenar as estrat\u00e9gias de resposta r\u00e1pida e preven\u00e7\u00e3o, a gest\u00e3o estadual instituiu o Gabinete Integrado da Opera\u00e7\u00e3o [&hellip;]<\/p>\n","protected":false},"author":0,"featured_media":34149,"comment_status":"open","ping_status":"open","sticky":false,"template":"","format":"standard","meta":{"footnotes":""},"categories":[6],"tags":[],"class_list":["post-34142","post","type-post","status-publish","format-standard","has-post-thumbnail","hentry","category-mercosul"],"_links":{"self":[{"href":"https:\/\/acontecenafronteira.com.br\/index.php\/wp-json\/wp\/v2\/posts\/34142","targetHints":{"allow":["GET"]}}],"collection":[{"href":"https:\/\/acontecenafronteira.com.br\/index.php\/wp-json\/wp\/v2\/posts"}],"about":[{"href":"https:\/\/acontecenafronteira.com.br\/index.php\/wp-json\/wp\/v2\/types\/post"}],"replies":[{"embeddable":true,"href":"https:\/\/acontecenafronteira.com.br\/index.php\/wp-json\/wp\/v2\/comments?post=34142"}],"version-history":[{"count":1,"href":"https:\/\/acontecenafronteira.com.br\/index.php\/wp-json\/wp\/v2\/posts\/34142\/revisions"}],"predecessor-version":[{"id":34148,"href":"https:\/\/acontecenafronteira.com.br\/index.php\/wp-json\/wp\/v2\/posts\/34142\/revisions\/34148"}],"wp:featuredmedia":[{"embeddable":true,"href":"https:\/\/acontecenafronteira.com.br\/index.php\/wp-json\/wp\/v2\/media\/34149"}],"wp:attachment":[{"href":"https:\/\/acontecenafronteira.com.br\/index.php\/wp-json\/wp\/v2\/media?parent=34142"}],"wp:term":[{"taxonomy":"category","embeddable":true,"href":"https:\/\/acontecenafronteira.com.br\/index.php\/wp-json\/wp\/v2\/categories?post=34142"},{"taxonomy":"post_tag","embeddable":true,"href":"https:\/\/acontecenafronteira.com.br\/index.php\/wp-json\/wp\/v2\/tags?post=34142"}],"curies":[{"name":"wp","href":"https:\/\/api.w.org\/{rel}","templated":true}]}}