{"id":34141,"date":"2026-09-02T22:36:49","date_gmt":"2026-09-03T01:36:49","guid":{"rendered":"https:\/\/acontecenafronteira.com.br\/?p=34141"},"modified":"2026-09-02T22:36:49","modified_gmt":"2026-09-03T01:36:49","slug":"flavio-bolsonaro-cobra-lula-sobre-moraes-em-ato-no-rs","status":"publish","type":"post","link":"https:\/\/acontecenafronteira.com.br\/index.php\/2026\/09\/02\/flavio-bolsonaro-cobra-lula-sobre-moraes-em-ato-no-rs\/","title":{"rendered":"Fl\u00e1vio Bolsonaro cobra Lula sobre Moraes em ato no RS"},"content":{"rendered":"<p>Durante agenda de campanha no Rio Grande do Sul nesta quarta-feira (2\/9), o candidato \u00e0 Presid\u00eancia Fl\u00e1vio Bolsonaro (PL) fez duras cr\u00edticas ao atual chefe do Executivo e cobrou uma manifesta\u00e7\u00e3o p\u00fablica sobre os di\u00e1logos vazados envolvendo o ministro Alexandre de Moraes, do Supremo Tribunal Federal (STF), e o banqueiro Daniel Vorcaro, do Banco Master.<\/p>\n<h2>Cobran\u00e7a direta e acusa\u00e7\u00f5es ao Pal\u00e1cio do Planalto<\/h2>\n<p>Falando a centenas de apoiadores reunidos no Parque Moinhos do Vento (Parc\u00e3o), em Porto Alegre, o senador argumentou que a falta de rea\u00e7\u00e3o do governo federal ocorre por compromissos pol\u00edticos assumidos com a Suprema Corte.<\/p>\n<p>Para o parlamentar, a perman\u00eancia do atual presidente no cargo \u00e9 insustent\u00e1vel. No palanque, ele esteve acompanhado por sua esposa, Fernanda Bolsonaro, pelo candidato ao governo ga\u00facho Luciano Zucco, al\u00e9m dos postulantes ao Senado Sanderson e Marcel van Hattem.<\/p>\n<h2>Promessas para o setor agropecu\u00e1rio e custo de vida<\/h2>\n<p>Mais cedo, ainda na quarta-feira, o representante do PL cumpriu compromissos na cidade de Esteio, na Regi\u00e3o Metropolitana, onde participou de um evento voltado ao setor do agroneg\u00f3cio.<\/p>\n<p>Na ocasi\u00e3o, o candidato assumiu o compromisso de combater a infla\u00e7\u00e3o dos alimentos e resgatar o poder de compra da popula\u00e7\u00e3o, comparando a situa\u00e7\u00e3o atual com o per\u00edodo em que seu pai esteve \u00e0 frente do pa\u00eds.<\/p>\n<p>Entre as propostas apresentadas para impulsionar o setor produtivo, destacam-se a reestrutura\u00e7\u00e3o econ\u00f4mica, o fortalecimento do seguro rural e o apoio legislativo para garantir recursos fixos e livres de contingenciamentos para o financiamento agr\u00edcola em territ\u00f3rio nacional.<\/p>\n<p>Por Reda\u00e7\u00e3o Acontece<\/p>\n<p>Samuel Pancher \/ Metr\u00f3poles<\/p>\n","protected":false},"excerpt":{"rendered":"<p>Durante agenda de campanha no Rio Grande do Sul nesta quarta-feira (2\/9), o candidato \u00e0 Presid\u00eancia Fl\u00e1vio Bolsonaro (PL) fez duras cr\u00edticas ao atual chefe do Executivo e cobrou uma manifesta\u00e7\u00e3o p\u00fablica sobre os di\u00e1logos vazados envolvendo o ministro Alexandre de Moraes, do Supremo Tribunal Federal (STF), e o banqueiro Daniel Vorcaro, do Banco Master. [&hellip;]<\/p>\n","protected":false},"author":0,"featured_media":34147,"comment_status":"open","ping_status":"open","sticky":false,"template":"","format":"standard","meta":{"footnotes":""},"categories":[6],"tags":[],"class_list":["post-34141","post","type-post","status-publish","format-standard","has-post-thumbnail","hentry","category-mercosul"],"_links":{"self":[{"href":"https:\/\/acontecenafronteira.com.br\/index.php\/wp-json\/wp\/v2\/posts\/34141","targetHints":{"allow":["GET"]}}],"collection":[{"href":"https:\/\/acontecenafronteira.com.br\/index.php\/wp-json\/wp\/v2\/posts"}],"about":[{"href":"https:\/\/acontecenafronteira.com.br\/index.php\/wp-json\/wp\/v2\/types\/post"}],"replies":[{"embeddable":true,"href":"https:\/\/acontecenafronteira.com.br\/index.php\/wp-json\/wp\/v2\/comments?post=34141"}],"version-history":[{"count":1,"href":"https:\/\/acontecenafronteira.com.br\/index.php\/wp-json\/wp\/v2\/posts\/34141\/revisions"}],"predecessor-version":[{"id":34146,"href":"https:\/\/acontecenafronteira.com.br\/index.php\/wp-json\/wp\/v2\/posts\/34141\/revisions\/34146"}],"wp:featuredmedia":[{"embeddable":true,"href":"https:\/\/acontecenafronteira.com.br\/index.php\/wp-json\/wp\/v2\/media\/34147"}],"wp:attachment":[{"href":"https:\/\/acontecenafronteira.com.br\/index.php\/wp-json\/wp\/v2\/media?parent=34141"}],"wp:term":[{"taxonomy":"category","embeddable":true,"href":"https:\/\/acontecenafronteira.com.br\/index.php\/wp-json\/wp\/v2\/categories?post=34141"},{"taxonomy":"post_tag","embeddable":true,"href":"https:\/\/acontecenafronteira.com.br\/index.php\/wp-json\/wp\/v2\/tags?post=34141"}],"curies":[{"name":"wp","href":"https:\/\/api.w.org\/{rel}","templated":true}]}}