{"id":34140,"date":"2026-09-02T22:36:45","date_gmt":"2026-09-03T01:36:45","guid":{"rendered":"https:\/\/acontecenafronteira.com.br\/?p=34140"},"modified":"2026-09-02T22:36:45","modified_gmt":"2026-09-03T01:36:45","slug":"caiado-critica-cameras-em-policiais-e-cita-modelo-de-londres","status":"publish","type":"post","link":"https:\/\/acontecenafronteira.com.br\/index.php\/2026\/09\/02\/caiado-critica-cameras-em-policiais-e-cita-modelo-de-londres\/","title":{"rendered":"Caiado critica c\u00e2meras em policiais e cita modelo de Londres"},"content":{"rendered":"<p>Durante participa\u00e7\u00e3o em sabatina realizada nesta quarta-feira (2\/9) em S\u00e3o Paulo, o presidenci\u00e1vel Ronaldo Caiado colocou em d\u00favida a efic\u00e1cia do uso de c\u00e2meras corporais por agentes de seguran\u00e7a p\u00fablica em situa\u00e7\u00f5es de confronto extremo, comparando tais cen\u00e1rios a zonas de combate.<\/p>\n<h2>O debate sobre a Opera\u00e7\u00e3o Conten\u00e7\u00e3o<\/h2>\n<p>O posicionamento do pol\u00edtico ocorreu quando ele foi incitado a comentar a atua\u00e7\u00e3o das for\u00e7as estaduais em regi\u00f5es controladas por organiza\u00e7\u00f5es criminosas, com \u00eanfase na Opera\u00e7\u00e3o Conten\u00e7\u00e3o.<\/p>\n<p>Deflagrada em 28 de outubro de 2025 nos complexos do Alem\u00e3o e da Penha, na capital fluminense, a a\u00e7\u00e3o mirava alvos do Comando Vermelho e visava cumprir dezenas de mandados de pris\u00e3o. Com um desfecho de 122 \u00f3bitos \u2014 incluindo 117 suspeitos e cinco agentes da lei \u2014, a ofensiva entrou para os registros como a mais letal do estado, superando epis\u00f3dios anteriores ocorridos no Jacarezinho e na Vila Cruzeiro.<\/p>\n<p>Para o candidato, o contexto dessas interven\u00e7\u00f5es difere drasticamente do patrulhamento cotidiano. Ele argumentou que os batalh\u00f5es enfrentam infratores portando arsenais muitas vezes superiores aos fornecidos \u00e0s corpora\u00e7\u00f5es oficiais, afirmando que nunca presenciou o uso de equipamentos de grava\u00e7\u00e3o em cen\u00e1rios b\u00e9licos.<\/p>\n<h2>Proposta inspirada na pol\u00edcia brit\u00e2nica<\/h2>\n<p>Questionado a respeito da manuten\u00e7\u00e3o de repasses federais destinados \u00e0 compra desses dispositivos tecnol\u00f3gicos para as pol\u00edcias estaduais, o pol\u00edtico pontuou que repassaria os recursos apenas aos estados interessados. No entanto, aproveitou para defender uma reformula\u00e7\u00e3o profunda na filosofia de patrulhamento ostensivo no pa\u00eds.<\/p>\n<p>Utilizando como refer\u00eancia a atua\u00e7\u00e3o de guardas na capital da Inglaterra, o presidenci\u00e1vel defendeu a transi\u00e7\u00e3o para um patrulhamento focado na preven\u00e7\u00e3o e na proximidade com a comunidade.<\/p>\n<p>A meta declarada seria alcan\u00e7ar um patamar em que o agente pudesse cumprir suas fun\u00e7\u00f5es nas ruas portando apenas itens tradicionais de defesa pessoal, sem a obrigatoriedade imediata de armas de fogo letais.<\/p>\n<p>A agenda do pleito presidencial segue movimentada, com levantamentos recentes indicando cen\u00e1rios acirrados na disputa pelo Pal\u00e1cio do Planalto.<\/p>\n<p>Por Reda\u00e7\u00e3o Acontece<\/p>\n<p>Cr\u00e9ditos da imagem: Reprodu\u00e7\u00e3o \/ CNN Brasil<\/p>\n","protected":false},"excerpt":{"rendered":"<p>Durante participa\u00e7\u00e3o em sabatina realizada nesta quarta-feira (2\/9) em S\u00e3o Paulo, o presidenci\u00e1vel Ronaldo Caiado colocou em d\u00favida a efic\u00e1cia do uso de c\u00e2meras corporais por agentes de seguran\u00e7a p\u00fablica em situa\u00e7\u00f5es de confronto extremo, comparando tais cen\u00e1rios a zonas de combate. O debate sobre a Opera\u00e7\u00e3o Conten\u00e7\u00e3o O posicionamento do pol\u00edtico ocorreu quando ele [&hellip;]<\/p>\n","protected":false},"author":0,"featured_media":34145,"comment_status":"open","ping_status":"open","sticky":false,"template":"","format":"standard","meta":{"footnotes":""},"categories":[6],"tags":[],"class_list":["post-34140","post","type-post","status-publish","format-standard","has-post-thumbnail","hentry","category-mercosul"],"_links":{"self":[{"href":"https:\/\/acontecenafronteira.com.br\/index.php\/wp-json\/wp\/v2\/posts\/34140","targetHints":{"allow":["GET"]}}],"collection":[{"href":"https:\/\/acontecenafronteira.com.br\/index.php\/wp-json\/wp\/v2\/posts"}],"about":[{"href":"https:\/\/acontecenafronteira.com.br\/index.php\/wp-json\/wp\/v2\/types\/post"}],"replies":[{"embeddable":true,"href":"https:\/\/acontecenafronteira.com.br\/index.php\/wp-json\/wp\/v2\/comments?post=34140"}],"version-history":[{"count":1,"href":"https:\/\/acontecenafronteira.com.br\/index.php\/wp-json\/wp\/v2\/posts\/34140\/revisions"}],"predecessor-version":[{"id":34144,"href":"https:\/\/acontecenafronteira.com.br\/index.php\/wp-json\/wp\/v2\/posts\/34140\/revisions\/34144"}],"wp:featuredmedia":[{"embeddable":true,"href":"https:\/\/acontecenafronteira.com.br\/index.php\/wp-json\/wp\/v2\/media\/34145"}],"wp:attachment":[{"href":"https:\/\/acontecenafronteira.com.br\/index.php\/wp-json\/wp\/v2\/media?parent=34140"}],"wp:term":[{"taxonomy":"category","embeddable":true,"href":"https:\/\/acontecenafronteira.com.br\/index.php\/wp-json\/wp\/v2\/categories?post=34140"},{"taxonomy":"post_tag","embeddable":true,"href":"https:\/\/acontecenafronteira.com.br\/index.php\/wp-json\/wp\/v2\/tags?post=34140"}],"curies":[{"name":"wp","href":"https:\/\/api.w.org\/{rel}","templated":true}]}}