{"id":34131,"date":"2026-09-02T22:36:38","date_gmt":"2026-09-03T01:36:38","guid":{"rendered":"https:\/\/acontecenafronteira.com.br\/?p=34131"},"modified":"2026-09-02T22:36:38","modified_gmt":"2026-09-03T01:36:38","slug":"tse-aprova-candidaturas-de-lula-zema-e-flavio-bolsonaro","status":"publish","type":"post","link":"https:\/\/acontecenafronteira.com.br\/index.php\/2026\/09\/02\/tse-aprova-candidaturas-de-lula-zema-e-flavio-bolsonaro\/","title":{"rendered":"TSE aprova candidaturas de Lula, Zema e Fl\u00e1vio Bolsonaro"},"content":{"rendered":"<p>O <strong>Tribunal Superior Eleitoral (TSE)<\/strong> deu luz verde nesta quarta-feira aos primeiros seis nomes na corrida pelo Pal\u00e1cio do Planalto nas <strong>elei\u00e7\u00f5es de 2026<\/strong>. Entre os aprovados por unanimidade em plen\u00e1rio virtual est\u00e3o o atual presidente <em>Luiz In\u00e1cio Lula da Silva<\/em>, o senador <em>Fl\u00e1vio Bolsonaro<\/em> e o ex-governante mineiro <em>Romeu Zema<\/em>.<\/p>\n<h2>Chapas oficialmente liberadas<\/h2>\n<p>A Corte Eleitoral validou as candidaturas de <em>Samara Martins<\/em>, <em>Hertz Dias<\/em> e <em>Edmilson Costa<\/em>, completando o primeiro bloco de legendas autorizadas a iniciar a campanha de outubro. Os processos tiveram relatoria dos ministros <em>Andr\u00e9 Mendon\u00e7a<\/em> e <em>Estela Aranha<\/em>, que atestaram a regularidade da documenta\u00e7\u00e3o entregue.<\/p>\n<h2>Composi\u00e7\u00e3o dos grupos pol\u00edticos<\/h2>\n<p>Foram deferidas as coliga\u00e7\u00f5es encabe\u00e7adas por Lula ao lado de <em>Geraldo Alckmin<\/em>, Fl\u00e1vio Bolsonaro com <em>Alfredo Gaspar<\/em>, e Romeu Zema tendo <em>Eduardo Gir\u00e3o<\/em> como vice. Completam o grupo as duplas Samara Martins e <em>Raquel Br\u00edcio<\/em>, Hertz Dias e <em>Vanessa Portugal<\/em>, al\u00e9m de Edmilson Costa com <em>Cleusa Santos<\/em>.<\/p>\n<h2>An\u00e1lise de requisitos legais<\/h2>\n<p>De acordo com o \u00f3rg\u00e3o judici\u00e1rio, todas as legendas cumpriram rigorosamente os prazos e exig\u00eancias previstos na Constitui\u00e7\u00e3o Federal e na Lei de Inelegibilidade. Ainda restam sete nomes na fila de avalia\u00e7\u00e3o do tribunal para o cargo m\u00e1ximo do Executivo federal.<\/p>\n<h2>Candidaturas pendentes de julgamento<\/h2>\n<p>A lista de espera do TSE inclui <em>Augusto Cury<\/em>, <em>Renan Santos<\/em>, <em>Wilson Grassi<\/em>, <em>Rui Costa Pimenta<\/em>, <em>Ronaldo Caiado<\/em>, <em>Clariana Bar\u00e3o<\/em> e <em>Pablo Mar\u00e7al<\/em>. No total, o pleito deste ano registrou 13 postulantes ao cargo, superando a marca do \u00faltimo ciclo eleitoral.<\/p>\n<h2>Situa\u00e7\u00e3o de Wilson Grassi<\/h2>\n<p>Em decis\u00e3o recente, o ministro <em>Dias Toffoli<\/em> autorizou o candidato Wilson Grassi a realizar propaganda e utilizar verbas do fundo partid\u00e1rio, ap\u00f3s restri\u00e7\u00f5es ligadas ao cadastro tardio de redes sociais. O registro oficial do candidato, contudo, segue sob an\u00e1lise judicial.<\/p>\n<p>Por Reda\u00e7\u00e3o Acontece<\/p>\n<p>Imagem: Ag\u00eancia Brasil \/ Divulga\u00e7\u00e3o<\/p>\n","protected":false},"excerpt":{"rendered":"<p>O Tribunal Superior Eleitoral (TSE) deu luz verde nesta quarta-feira aos primeiros seis nomes na corrida pelo Pal\u00e1cio do Planalto nas elei\u00e7\u00f5es de 2026. Entre os aprovados por unanimidade em plen\u00e1rio virtual est\u00e3o o atual presidente Luiz In\u00e1cio Lula da Silva, o senador Fl\u00e1vio Bolsonaro e o ex-governante mineiro Romeu Zema. Chapas oficialmente liberadas A [&hellip;]<\/p>\n","protected":false},"author":0,"featured_media":34139,"comment_status":"open","ping_status":"open","sticky":false,"template":"","format":"standard","meta":{"footnotes":""},"categories":[28],"tags":[],"class_list":["post-34131","post","type-post","status-publish","format-standard","has-post-thumbnail","hentry","category-mundo"],"_links":{"self":[{"href":"https:\/\/acontecenafronteira.com.br\/index.php\/wp-json\/wp\/v2\/posts\/34131","targetHints":{"allow":["GET"]}}],"collection":[{"href":"https:\/\/acontecenafronteira.com.br\/index.php\/wp-json\/wp\/v2\/posts"}],"about":[{"href":"https:\/\/acontecenafronteira.com.br\/index.php\/wp-json\/wp\/v2\/types\/post"}],"replies":[{"embeddable":true,"href":"https:\/\/acontecenafronteira.com.br\/index.php\/wp-json\/wp\/v2\/comments?post=34131"}],"version-history":[{"count":1,"href":"https:\/\/acontecenafronteira.com.br\/index.php\/wp-json\/wp\/v2\/posts\/34131\/revisions"}],"predecessor-version":[{"id":34138,"href":"https:\/\/acontecenafronteira.com.br\/index.php\/wp-json\/wp\/v2\/posts\/34131\/revisions\/34138"}],"wp:featuredmedia":[{"embeddable":true,"href":"https:\/\/acontecenafronteira.com.br\/index.php\/wp-json\/wp\/v2\/media\/34139"}],"wp:attachment":[{"href":"https:\/\/acontecenafronteira.com.br\/index.php\/wp-json\/wp\/v2\/media?parent=34131"}],"wp:term":[{"taxonomy":"category","embeddable":true,"href":"https:\/\/acontecenafronteira.com.br\/index.php\/wp-json\/wp\/v2\/categories?post=34131"},{"taxonomy":"post_tag","embeddable":true,"href":"https:\/\/acontecenafronteira.com.br\/index.php\/wp-json\/wp\/v2\/tags?post=34131"}],"curies":[{"name":"wp","href":"https:\/\/api.w.org\/{rel}","templated":true}]}}