{"id":34130,"date":"2026-09-02T22:36:29","date_gmt":"2026-09-03T01:36:29","guid":{"rendered":"https:\/\/acontecenafronteira.com.br\/?p=34130"},"modified":"2026-09-02T22:36:29","modified_gmt":"2026-09-03T01:36:29","slug":"vasco-define-escalacao-contra-o-vitoria-na-copa-do-brasil","status":"publish","type":"post","link":"https:\/\/acontecenafronteira.com.br\/index.php\/2026\/09\/02\/vasco-define-escalacao-contra-o-vitoria-na-copa-do-brasil\/","title":{"rendered":"Vasco define escala\u00e7\u00e3o contra o Vit\u00f3ria na Copa do Brasil"},"content":{"rendered":"<p>O Vasco da Gama est\u00e1 escalado para o decisivo confronto contra o Vit\u00f3ria, v\u00e1lido pelo jogo de volta das quartas de final da Copa do Brasil. A partida acontece nesta quarta-feira, \u00e0s 21h30, no est\u00e1dio Barrad\u00e3o, em Salvador.<\/p>\n<h2>Mudan\u00e7as no ataque cruz-maltino<\/h2>\n<p>O t\u00e9cnico Pedro Emanuel promoveu altera\u00e7\u00f5es significativas no setor ofensivo em compara\u00e7\u00e3o \u00e0 equipe que venceu o Cruzeiro pelo Campeonato Brasileiro no \u00faltimo final de semana. A principal novidade \u00e9 a entrada de Spinelli como titular no comando do ataque, substituindo Colidio, que fica como op\u00e7\u00e3o no banco de reservas ap\u00f3s atuar entre os onze iniciais nas \u00faltimas duas partidas.<\/p>\n<p>Nas pontas, o comandante manteve Adson pelo lado direito, enquanto Andr\u00e9s G\u00f3mez foi confirmado para atuar pelo flanco esquerdo. Na lateral direita, apesar da expectativa por uma forma\u00e7\u00e3o mais ofensiva com a utiliza\u00e7\u00e3o simult\u00e2nea de Puma Rodr\u00edguez e Paulo Henrique \u2014 estrat\u00e9gia adotada anteriormente em S\u00e3o Janu\u00e1rio \u2014, o treinador portugu\u00eas optou por uma postura mais tradicional, escalando atletas de origem na fun\u00e7\u00e3o.<\/p>\n<h2>Vantagem no placar e situa\u00e7\u00e3o extracampo<\/h2>\n<p>Como venceu o primeiro duelo por 1 a 0, o clube carioca joga pelo empate para garantir a classifica\u00e7\u00e3o \u00e0s semifinais da competi\u00e7\u00e3o nacional. Em caso de derrota por um gol de diferen\u00e7a, a vaga ser\u00e1 decidida nos p\u00eanaltis, enquanto rev\u00e9s por margem superior elimina a equipe. Al\u00e9m da classifica\u00e7\u00e3o esportiva, quem avan\u00e7ar embolsar\u00e1 uma premia\u00e7\u00e3o de R$ 9 milh\u00f5es.<\/p>\n<p>Entre os suplentes, a principal novidade \u00e9 a presen\u00e7a do atacante David. O jogador foi relacionado apenas dois dias ap\u00f3s ser alvo de mandados de busca e apreens\u00e3o cumpridos pela Pol\u00edcia Civil em sua resid\u00eancia e no Centro de Treinamento do Vasco.<\/p>\n<h2>As escala\u00e7\u00f5es oficiais<\/h2>\n<p>O time titular do Vasco vai a campo com <strong>L\u00e9o Jardim<\/strong>; <strong>Puma Rodr\u00edguez<\/strong>, <strong>Cuesta<\/strong>, <strong>Robert Renan<\/strong> e Lucas Piton; Sosa, Ramon Rique e Thiago Mendes; Adson, Andres G\u00f3mez e Spinelli. O comando t\u00e9cnico \u00e9 de <strong>Pedro Emanuel<\/strong>.<\/p>\n<p>Do outro lado, o Vit\u00f3ria do t\u00e9cnico <strong>Jair Ventura<\/strong> est\u00e1 escalado com <strong>Lucas Arcanjo<\/strong>; <strong>Mateus Silva<\/strong>, <strong>Cac\u00e1<\/strong>, <strong>Luan C\u00e2ndido<\/strong> e <strong>Ramon<\/strong>; <strong>Walace<\/strong>, <strong>Z\u00e9 Vitor<\/strong>, <strong>Matheuszinho<\/strong>, <strong>Erick<\/strong> e <strong>Tarzia<\/strong>; <strong>Bayzer<\/strong>.<\/p>\n<p>A partida promete fortes emo\u00e7\u00f5es com duas equipes tradicionais lutando vaga na pr\u00f3xima fase do torneio mais democr\u00e1tico do pa\u00eds.<\/p>\n<p>Por Reda\u00e7\u00e3o Acontece<\/p>\n<p>Divulga\u00e7\u00e3o<\/p>\n","protected":false},"excerpt":{"rendered":"<p>O Vasco da Gama est\u00e1 escalado para o decisivo confronto contra o Vit\u00f3ria, v\u00e1lido pelo jogo de volta das quartas de final da Copa do Brasil. A partida acontece nesta quarta-feira, \u00e0s 21h30, no est\u00e1dio Barrad\u00e3o, em Salvador. Mudan\u00e7as no ataque cruz-maltino O t\u00e9cnico Pedro Emanuel promoveu altera\u00e7\u00f5es significativas no setor ofensivo em compara\u00e7\u00e3o \u00e0 [&hellip;]<\/p>\n","protected":false},"author":0,"featured_media":34137,"comment_status":"open","ping_status":"open","sticky":false,"template":"","format":"standard","meta":{"footnotes":""},"categories":[28],"tags":[],"class_list":["post-34130","post","type-post","status-publish","format-standard","has-post-thumbnail","hentry","category-mundo"],"_links":{"self":[{"href":"https:\/\/acontecenafronteira.com.br\/index.php\/wp-json\/wp\/v2\/posts\/34130","targetHints":{"allow":["GET"]}}],"collection":[{"href":"https:\/\/acontecenafronteira.com.br\/index.php\/wp-json\/wp\/v2\/posts"}],"about":[{"href":"https:\/\/acontecenafronteira.com.br\/index.php\/wp-json\/wp\/v2\/types\/post"}],"replies":[{"embeddable":true,"href":"https:\/\/acontecenafronteira.com.br\/index.php\/wp-json\/wp\/v2\/comments?post=34130"}],"version-history":[{"count":1,"href":"https:\/\/acontecenafronteira.com.br\/index.php\/wp-json\/wp\/v2\/posts\/34130\/revisions"}],"predecessor-version":[{"id":34136,"href":"https:\/\/acontecenafronteira.com.br\/index.php\/wp-json\/wp\/v2\/posts\/34130\/revisions\/34136"}],"wp:featuredmedia":[{"embeddable":true,"href":"https:\/\/acontecenafronteira.com.br\/index.php\/wp-json\/wp\/v2\/media\/34137"}],"wp:attachment":[{"href":"https:\/\/acontecenafronteira.com.br\/index.php\/wp-json\/wp\/v2\/media?parent=34130"}],"wp:term":[{"taxonomy":"category","embeddable":true,"href":"https:\/\/acontecenafronteira.com.br\/index.php\/wp-json\/wp\/v2\/categories?post=34130"},{"taxonomy":"post_tag","embeddable":true,"href":"https:\/\/acontecenafronteira.com.br\/index.php\/wp-json\/wp\/v2\/tags?post=34130"}],"curies":[{"name":"wp","href":"https:\/\/api.w.org\/{rel}","templated":true}]}}