{"id":34129,"date":"2026-09-02T22:36:22","date_gmt":"2026-09-03T01:36:22","guid":{"rendered":"https:\/\/acontecenafronteira.com.br\/?p=34129"},"modified":"2026-09-02T22:36:22","modified_gmt":"2026-09-03T01:36:22","slug":"paes-ataca-douglas-ruas-e-o-chama-de-filhinho-de-papai","status":"publish","type":"post","link":"https:\/\/acontecenafronteira.com.br\/index.php\/2026\/09\/02\/paes-ataca-douglas-ruas-e-o-chama-de-filhinho-de-papai\/","title":{"rendered":"Paes ataca Douglas Ruas e o chama de filhinho de papai"},"content":{"rendered":"<p>A disputa pelo governo do Rio de Janeiro ganhou novos contornos nesta segunda-feira com declara\u00e7\u00f5es duras do ex-prefeito Eduardo Paes (PSD) direcionadas ao seu opositor, Douglas Ruas (PL).<\/p>\n<h2>Acusa\u00e7\u00f5es de nepotismo e heran\u00e7a pol\u00edtica<\/h2>\n<p>Durante o programa eleitoral veiculado no r\u00e1dio e na televis\u00e3o, a campanha do PSD optou por n\u00e3o exibir a imagem de Paes, substituindo-o por um narrador que detalhou a trajet\u00f3ria do advers\u00e1rio. O material classificou Douglas Ruas como um &#8220;filhinho de papai&#8221; e resgatou sua nomea\u00e7\u00e3o como secret\u00e1rio de Trabalho em S\u00e3o Gon\u00e7alo, gest\u00e3o comandada por seu pai, o prefeito Capit\u00e3o Nelson (PL), configurando suposto nepotismo.<\/p>\n<h2>Patrim\u00f4nio e conex\u00f5es investigadas<\/h2>\n<p>Outro ponto de destaque no v\u00eddeo foi o questionamento sobre a evolu\u00e7\u00e3o financeira do candidato do PL. A propaganda apontou que Ruas seria propriet\u00e1rio de uma empreiteira com capital social avaliado em R$ 16 milh\u00f5es, valor que n\u00e3o constaria na declara\u00e7\u00e3o de bens apresentada \u00e0 Justi\u00e7a Eleitoral, onde o patrim\u00f4nio declarado \u00e9 de R$ 1,4 milh\u00e3o.<\/p>\n<p>Al\u00e9m das finan\u00e7as, o programa abordou uma auditoria do governo estadual que apontou falhas administrativas na Secretaria de Cidades durante o per\u00edodo em que Ruas esteve \u00e0 frente da pasta.<\/p>\n<h2>Estrat\u00e9gia de desgaste pol\u00edtico<\/h2>\n<p>A pe\u00e7a publicit\u00e1ria tamb\u00e9m tentou desconstruir a imagem policial do advers\u00e1rio, afirmando que sua passagem pela corpora\u00e7\u00e3o teria durado apenas tr\u00eas anos e servido apenas para proje\u00e7\u00e3o pol\u00edtica.<\/p>\n<p>Para fechar o bloco de cr\u00edticas, a campanha de Paes buscou vincular a imagem de Douglas Ruas a figuras tradicionais da pol\u00edtica fluminense, encerrando a transmiss\u00e3o com um forte apelo eleitoral contra a continuidade de antigas gest\u00f5es no comando do estado.<\/p>\n<p>Por Reda\u00e7\u00e3o Acontece Foto: Reprodu\u00e7\u00e3o \/ Campanha Eleitoral<\/p>\n","protected":false},"excerpt":{"rendered":"<p>A disputa pelo governo do Rio de Janeiro ganhou novos contornos nesta segunda-feira com declara\u00e7\u00f5es duras do ex-prefeito Eduardo Paes (PSD) direcionadas ao seu opositor, Douglas Ruas (PL). Acusa\u00e7\u00f5es de nepotismo e heran\u00e7a pol\u00edtica Durante o programa eleitoral veiculado no r\u00e1dio e na televis\u00e3o, a campanha do PSD optou por n\u00e3o exibir a imagem de [&hellip;]<\/p>\n","protected":false},"author":0,"featured_media":34135,"comment_status":"open","ping_status":"open","sticky":false,"template":"","format":"standard","meta":{"footnotes":""},"categories":[28],"tags":[],"class_list":["post-34129","post","type-post","status-publish","format-standard","has-post-thumbnail","hentry","category-mundo"],"_links":{"self":[{"href":"https:\/\/acontecenafronteira.com.br\/index.php\/wp-json\/wp\/v2\/posts\/34129","targetHints":{"allow":["GET"]}}],"collection":[{"href":"https:\/\/acontecenafronteira.com.br\/index.php\/wp-json\/wp\/v2\/posts"}],"about":[{"href":"https:\/\/acontecenafronteira.com.br\/index.php\/wp-json\/wp\/v2\/types\/post"}],"replies":[{"embeddable":true,"href":"https:\/\/acontecenafronteira.com.br\/index.php\/wp-json\/wp\/v2\/comments?post=34129"}],"version-history":[{"count":1,"href":"https:\/\/acontecenafronteira.com.br\/index.php\/wp-json\/wp\/v2\/posts\/34129\/revisions"}],"predecessor-version":[{"id":34134,"href":"https:\/\/acontecenafronteira.com.br\/index.php\/wp-json\/wp\/v2\/posts\/34129\/revisions\/34134"}],"wp:featuredmedia":[{"embeddable":true,"href":"https:\/\/acontecenafronteira.com.br\/index.php\/wp-json\/wp\/v2\/media\/34135"}],"wp:attachment":[{"href":"https:\/\/acontecenafronteira.com.br\/index.php\/wp-json\/wp\/v2\/media?parent=34129"}],"wp:term":[{"taxonomy":"category","embeddable":true,"href":"https:\/\/acontecenafronteira.com.br\/index.php\/wp-json\/wp\/v2\/categories?post=34129"},{"taxonomy":"post_tag","embeddable":true,"href":"https:\/\/acontecenafronteira.com.br\/index.php\/wp-json\/wp\/v2\/tags?post=34129"}],"curies":[{"name":"wp","href":"https:\/\/api.w.org\/{rel}","templated":true}]}}