{"id":34128,"date":"2026-09-02T22:36:07","date_gmt":"2026-09-03T01:36:07","guid":{"rendered":"https:\/\/acontecenafronteira.com.br\/?p=34128"},"modified":"2026-09-02T22:36:07","modified_gmt":"2026-09-03T01:36:07","slug":"cebolinha-recusa-investida-do-botafogo-e-quer-sair-do-rj","status":"publish","type":"post","link":"https:\/\/acontecenafronteira.com.br\/index.php\/2026\/09\/02\/cebolinha-recusa-investida-do-botafogo-e-quer-sair-do-rj\/","title":{"rendered":"Cebolinha recusa investida do Botafogo e quer sair do RJ"},"content":{"rendered":"<p>O atacante Everton Cebolinha optou por recusar uma oferta oficial feita pelo Botafogo para a pr\u00f3xima temporada, surpreendendo o mercado da bola carioca.<\/p>\n<h2>Detalhes da proposta recusada<\/h2>\n<p>A diretoria alvinegra colocou na mesa um v\u00ednculo v\u00e1lido por duas temporadas, acompanhado de vencimentos mensais superiores a R$ 1 milh\u00e3o.<\/p>\n<p>Embora os valores financeiros tenham agradado tanto ao atleta quanto aos seus representantes, as conversas n\u00e3o avan\u00e7aram para um acordo definitivo.<\/p>\n<h2>Posi\u00e7\u00e3o do jogador e planos futuros<\/h2>\n<p>Durante as tratativas, que ocorreram em tom cordial, o ponta agradeceu o interesse do clube rival, mas deixou claro seu planejamento de carreira.<\/p>\n<p>Ap\u00f3s defender o rubro-negro por quatro anos, o atleta revelou o desejo de respirar novos ares e atuar em uma equipe situada fora do estado do Rio de Janeiro ou no exterior.<\/p>\n<h2>Movimenta\u00e7\u00f5es no mercado da bola<\/h2>\n<p>Diante da negativa, a c\u00fapula alvinegro j\u00e1 retomou o planejamento e busca outras alternativas no mercado para encorpar o setor ofensivo.<\/p>\n<p>O departamento de scout do clube possui uma lista com nomes mapeados para suprir a car\u00eancia na ponta do ataque.<\/p>\n<h2>Situa\u00e7\u00e3o contratual no Flamengo<\/h2>\n<p>No Ninho do Urubu, a diretoria mant\u00e9m a libera\u00e7\u00e3o para que o atacante busque um novo destino que arque com seus atuais vencimentos.<\/p>\n<p>Como o v\u00ednculo atual se encerra no final do ano, a alta c\u00fapula rubro-negra n\u00e3o exigir\u00e1 compensa\u00e7\u00e3o financeira pela rescis\u00e3o, focando exclusivamente na redu\u00e7\u00e3o do impacto da folha salarial.<\/p>\n<p>Por Reda\u00e7\u00e3o Acontece<\/p>\n<p>Cr\u00e9ditos da imagem: Divulga\u00e7\u00e3o\/Flamengo<\/p>\n","protected":false},"excerpt":{"rendered":"<p>O atacante Everton Cebolinha optou por recusar uma oferta oficial feita pelo Botafogo para a pr\u00f3xima temporada, surpreendendo o mercado da bola carioca. Detalhes da proposta recusada A diretoria alvinegra colocou na mesa um v\u00ednculo v\u00e1lido por duas temporadas, acompanhado de vencimentos mensais superiores a R$ 1 milh\u00e3o. Embora os valores financeiros tenham agradado tanto [&hellip;]<\/p>\n","protected":false},"author":0,"featured_media":34133,"comment_status":"open","ping_status":"open","sticky":false,"template":"","format":"standard","meta":{"footnotes":""},"categories":[28],"tags":[],"class_list":["post-34128","post","type-post","status-publish","format-standard","has-post-thumbnail","hentry","category-mundo"],"_links":{"self":[{"href":"https:\/\/acontecenafronteira.com.br\/index.php\/wp-json\/wp\/v2\/posts\/34128","targetHints":{"allow":["GET"]}}],"collection":[{"href":"https:\/\/acontecenafronteira.com.br\/index.php\/wp-json\/wp\/v2\/posts"}],"about":[{"href":"https:\/\/acontecenafronteira.com.br\/index.php\/wp-json\/wp\/v2\/types\/post"}],"replies":[{"embeddable":true,"href":"https:\/\/acontecenafronteira.com.br\/index.php\/wp-json\/wp\/v2\/comments?post=34128"}],"version-history":[{"count":1,"href":"https:\/\/acontecenafronteira.com.br\/index.php\/wp-json\/wp\/v2\/posts\/34128\/revisions"}],"predecessor-version":[{"id":34132,"href":"https:\/\/acontecenafronteira.com.br\/index.php\/wp-json\/wp\/v2\/posts\/34128\/revisions\/34132"}],"wp:featuredmedia":[{"embeddable":true,"href":"https:\/\/acontecenafronteira.com.br\/index.php\/wp-json\/wp\/v2\/media\/34133"}],"wp:attachment":[{"href":"https:\/\/acontecenafronteira.com.br\/index.php\/wp-json\/wp\/v2\/media?parent=34128"}],"wp:term":[{"taxonomy":"category","embeddable":true,"href":"https:\/\/acontecenafronteira.com.br\/index.php\/wp-json\/wp\/v2\/categories?post=34128"},{"taxonomy":"post_tag","embeddable":true,"href":"https:\/\/acontecenafronteira.com.br\/index.php\/wp-json\/wp\/v2\/tags?post=34128"}],"curies":[{"name":"wp","href":"https:\/\/api.w.org\/{rel}","templated":true}]}}