{"id":34123,"date":"2026-09-02T22:35:54","date_gmt":"2026-09-03T01:35:54","guid":{"rendered":"https:\/\/acontecenafronteira.com.br\/?p=34123"},"modified":"2026-09-02T22:35:54","modified_gmt":"2026-09-03T01:35:54","slug":"simone-mendes-e-processada-apos-muro-desabar-em-alphaville","status":"publish","type":"post","link":"https:\/\/acontecenafronteira.com.br\/index.php\/2026\/09\/02\/simone-mendes-e-processada-apos-muro-desabar-em-alphaville\/","title":{"rendered":"Simone Mendes \u00e9 processada ap\u00f3s muro desabar em Alphaville"},"content":{"rendered":"<p>A cantora Simone Mendes enfrenta uma a\u00e7\u00e3o judicial movida por uma empresa propriet\u00e1ria de um terreno vizinho ao seu im\u00f3vel, localizado em um condom\u00ednio de luxo na regi\u00e3o de Alphaville.<\/p>\n<h2>Entenda o caso da disputa judicial<\/h2>\n<p>O conflito teve in\u00edcio ap\u00f3s a queda de um muro de arrimo situado na obra da resid\u00eancia da artista. A estrutura colapsou e causou danos diretos \u00e0 propriedade vizinha, gerando preju\u00edzos materiais que motivaram a repara\u00e7\u00e3o na justi\u00e7a.<\/p>\n<h2>A\u00e7\u00e3o de indeniza\u00e7\u00e3o por danos<\/h2>\n<p>De acordo com as informa\u00e7\u00f5es do processo, a empresa afetada cobra na justi\u00e7a a responsabiliza\u00e7\u00e3o pelos estragos causados pelo acidente estrutural. Os representantes legais da companhia exigem o ressarcimento financeiro pelos danos provocados na \u00e1rea lim\u00edtrofe.<\/p>\n<p>At\u00e9 o momento, a assessoria da sertaneja n\u00e3o divulgou um posicionamento oficial detalhado sobre o andamento da a\u00e7\u00e3o ou sobre acordos em potencial entre as partes envolvidas no lit\u00edgio.<\/p>\n<p>Por Reda\u00e7\u00e3o Acontece<\/p>\n<p>Cr\u00e9ditos da imagem: Reprodu\u00e7\u00e3o \/ Redes Sociais<\/p>\n","protected":false},"excerpt":{"rendered":"<p>A cantora Simone Mendes enfrenta uma a\u00e7\u00e3o judicial movida por uma empresa propriet\u00e1ria de um terreno vizinho ao seu im\u00f3vel, localizado em um condom\u00ednio de luxo na regi\u00e3o de Alphaville. Entenda o caso da disputa judicial O conflito teve in\u00edcio ap\u00f3s a queda de um muro de arrimo situado na obra da resid\u00eancia da artista. [&hellip;]<\/p>\n","protected":false},"author":0,"featured_media":34127,"comment_status":"open","ping_status":"open","sticky":false,"template":"","format":"standard","meta":{"footnotes":""},"categories":[18],"tags":[],"class_list":["post-34123","post","type-post","status-publish","format-standard","has-post-thumbnail","hentry","category-parana"],"_links":{"self":[{"href":"https:\/\/acontecenafronteira.com.br\/index.php\/wp-json\/wp\/v2\/posts\/34123","targetHints":{"allow":["GET"]}}],"collection":[{"href":"https:\/\/acontecenafronteira.com.br\/index.php\/wp-json\/wp\/v2\/posts"}],"about":[{"href":"https:\/\/acontecenafronteira.com.br\/index.php\/wp-json\/wp\/v2\/types\/post"}],"replies":[{"embeddable":true,"href":"https:\/\/acontecenafronteira.com.br\/index.php\/wp-json\/wp\/v2\/comments?post=34123"}],"version-history":[{"count":1,"href":"https:\/\/acontecenafronteira.com.br\/index.php\/wp-json\/wp\/v2\/posts\/34123\/revisions"}],"predecessor-version":[{"id":34126,"href":"https:\/\/acontecenafronteira.com.br\/index.php\/wp-json\/wp\/v2\/posts\/34123\/revisions\/34126"}],"wp:featuredmedia":[{"embeddable":true,"href":"https:\/\/acontecenafronteira.com.br\/index.php\/wp-json\/wp\/v2\/media\/34127"}],"wp:attachment":[{"href":"https:\/\/acontecenafronteira.com.br\/index.php\/wp-json\/wp\/v2\/media?parent=34123"}],"wp:term":[{"taxonomy":"category","embeddable":true,"href":"https:\/\/acontecenafronteira.com.br\/index.php\/wp-json\/wp\/v2\/categories?post=34123"},{"taxonomy":"post_tag","embeddable":true,"href":"https:\/\/acontecenafronteira.com.br\/index.php\/wp-json\/wp\/v2\/tags?post=34123"}],"curies":[{"name":"wp","href":"https:\/\/api.w.org\/{rel}","templated":true}]}}