{"id":34122,"date":"2026-09-02T22:35:51","date_gmt":"2026-09-03T01:35:51","guid":{"rendered":"https:\/\/acontecenafronteira.com.br\/?p=34122"},"modified":"2026-09-02T22:35:51","modified_gmt":"2026-09-03T01:35:51","slug":"ccj-do-senado-aprova-texto-base-da-pec-da-seguranca","status":"publish","type":"post","link":"https:\/\/acontecenafronteira.com.br\/index.php\/2026\/09\/02\/ccj-do-senado-aprova-texto-base-da-pec-da-seguranca\/","title":{"rendered":"CCJ do Senado aprova texto-base da PEC da Seguran\u00e7a"},"content":{"rendered":"<p>A Comiss\u00e3o de Constitui\u00e7\u00e3o e Justi\u00e7a (CCJ) do Senado deu um passo importante nesta quarta-feira (2) ao aprovar o texto-base da <strong>PEC da Seguran\u00e7a P\u00fablica<\/strong>.<\/p>\n<p>H2 O avan\u00e7o da proposta no Congresso<\/p>\n<p>H3 Detalhes da tramita\u00e7\u00e3o<\/p>\n<p>A vota\u00e7\u00e3o na comiss\u00e3o representa um marco inicial para a implementa\u00e7\u00e3o de novas diretrizes federais no combate \u00e0 criminalidade em todo o territ\u00f3rio nacional.<\/p>\n<p>H2 Pr\u00f3ximos passos e debates<\/p>\n<p>H3 Expectativas para o plen\u00e1rio<\/p>\n<p>O projeto agora segue para novas etapas de discuss\u00e3o entre os parlamentares, onde deve receber emendas e passar por an\u00e1lises mais aprofundadas antes de ir a voto definitivo.<\/p>\n<p>Especialistas apontam que a medida pode transformar a din\u00e2mica entre Uni\u00e3o, estados e munic\u00edpios na gest\u00e3o de pol\u00edticas voltadas para a prote\u00e7\u00e3o da sociedade.<\/p>\n<p>O debate continua mobilizando diferentes setores pol\u00edticos e autoridades da \u00e1rea de seguran\u00e7a, que acompanham de perto os desdobramentos legislativos.<\/p>\n<p>Por Reda\u00e7\u00e3o Acontece<\/p>\n<p>Cr\u00e9ditos da imagem: Ag\u00eancia Senado<\/p>\n","protected":false},"excerpt":{"rendered":"<p>A Comiss\u00e3o de Constitui\u00e7\u00e3o e Justi\u00e7a (CCJ) do Senado deu um passo importante nesta quarta-feira (2) ao aprovar o texto-base da PEC da Seguran\u00e7a P\u00fablica. H2 O avan\u00e7o da proposta no Congresso H3 Detalhes da tramita\u00e7\u00e3o A vota\u00e7\u00e3o na comiss\u00e3o representa um marco inicial para a implementa\u00e7\u00e3o de novas diretrizes federais no combate \u00e0 criminalidade [&hellip;]<\/p>\n","protected":false},"author":0,"featured_media":34125,"comment_status":"open","ping_status":"open","sticky":false,"template":"","format":"standard","meta":{"footnotes":""},"categories":[18],"tags":[],"class_list":["post-34122","post","type-post","status-publish","format-standard","has-post-thumbnail","hentry","category-parana"],"_links":{"self":[{"href":"https:\/\/acontecenafronteira.com.br\/index.php\/wp-json\/wp\/v2\/posts\/34122","targetHints":{"allow":["GET"]}}],"collection":[{"href":"https:\/\/acontecenafronteira.com.br\/index.php\/wp-json\/wp\/v2\/posts"}],"about":[{"href":"https:\/\/acontecenafronteira.com.br\/index.php\/wp-json\/wp\/v2\/types\/post"}],"replies":[{"embeddable":true,"href":"https:\/\/acontecenafronteira.com.br\/index.php\/wp-json\/wp\/v2\/comments?post=34122"}],"version-history":[{"count":1,"href":"https:\/\/acontecenafronteira.com.br\/index.php\/wp-json\/wp\/v2\/posts\/34122\/revisions"}],"predecessor-version":[{"id":34124,"href":"https:\/\/acontecenafronteira.com.br\/index.php\/wp-json\/wp\/v2\/posts\/34122\/revisions\/34124"}],"wp:featuredmedia":[{"embeddable":true,"href":"https:\/\/acontecenafronteira.com.br\/index.php\/wp-json\/wp\/v2\/media\/34125"}],"wp:attachment":[{"href":"https:\/\/acontecenafronteira.com.br\/index.php\/wp-json\/wp\/v2\/media?parent=34122"}],"wp:term":[{"taxonomy":"category","embeddable":true,"href":"https:\/\/acontecenafronteira.com.br\/index.php\/wp-json\/wp\/v2\/categories?post=34122"},{"taxonomy":"post_tag","embeddable":true,"href":"https:\/\/acontecenafronteira.com.br\/index.php\/wp-json\/wp\/v2\/tags?post=34122"}],"curies":[{"name":"wp","href":"https:\/\/api.w.org\/{rel}","templated":true}]}}