{"id":34108,"date":"2026-09-02T21:37:10","date_gmt":"2026-09-03T00:37:10","guid":{"rendered":"https:\/\/acontecenafronteira.com.br\/?p=34108"},"modified":"2026-09-02T21:37:10","modified_gmt":"2026-09-03T00:37:10","slug":"nova-politica-de-minerais-criticos-divide-opinioes-no-brasil","status":"publish","type":"post","link":"https:\/\/acontecenafronteira.com.br\/index.php\/2026\/09\/02\/nova-politica-de-minerais-criticos-divide-opinioes-no-brasil\/","title":{"rendered":"Nova Pol\u00edtica de Minerais Cr\u00edticos Divide Opini\u00f5es no Brasil"},"content":{"rendered":"<p>A aprova\u00e7\u00e3o pelo Senado do projeto que institui a Pol\u00edtica Nacional de Minerais Cr\u00edticos e Estrat\u00e9gicos gerou rea\u00e7\u00f5es mistas no setor produtivo nacional, equilibrando expectativas de avan\u00e7o tecnol\u00f3gico com alertas severos sobre a seguran\u00e7a jur\u00eddica dos investimentos.<\/p>\n<h2>O posicionamento do setor de minera\u00e7\u00e3o<\/h2>\n<p>Enquanto entidades representativas celebram o consenso pol\u00edtico alcan\u00e7ado entre governo e oposi\u00e7\u00e3o, lideran\u00e7as industriais apontam pontos nevr\u00e1lgicos na nova legisla\u00e7\u00e3o que exigir\u00e3o aten\u00e7\u00e3o redobrada durante a fase de regulamenta\u00e7\u00e3o governamental.<\/p>\n<h2>Incentivos financeiros e o fundo garantidor<\/h2>\n<p>O texto legislativo prev\u00ea a cria\u00e7\u00e3o do Fundo Garantidor da Atividade Mineral (FGAM), dotado de R$ 2 bilh\u00f5es da Uni\u00e3o, al\u00e9m de outros R$ 5 bilh\u00f5es destinados a iniciativas de beneficiamento e transforma\u00e7\u00e3o. Esses recursos buscam solucionar gargalos hist\u00f3ricos no financiamento de projetos pr\u00e9-operacionais.<\/p>\n<p>Na imagem h\u00e1 o neod\u00edmio, um dos elementos minerais presentes nas terras raras brasileiras<\/p>\n<h2>Os alertas e preocupa\u00e7\u00f5es da ind\u00fastria mineira<\/h2>\n<p>Apesar dos aportes previstos e das linhas de cr\u00e9dito do BNDES e da Finep, o setor industrial mineiro manifesta receios quanto a poss\u00edveis burocracias e exig\u00eancias excessivas. Entre as cr\u00edticas est\u00e3o as atribui\u00e7\u00f5es do Conselho Nacional de Industrializa\u00e7\u00e3o de Minerais Cr\u00edticos e Estrat\u00e9gicos (Cimce), a obrigatoriedade de direcionamento ao mercado interno e a cria\u00e7\u00e3o de um b\u00f4nus de assinatura cobrado pela Uni\u00e3o.<\/p>\n<h2>O protagonismo estrat\u00e9gico de Minas Gerais<\/h2>\n<p>Com reservas expressivas e uma infraestrutura tecnol\u00f3gica avan\u00e7ada, incluindo o \u00fanico laborat\u00f3rio de terras raras do Hemisf\u00e9rio Sul localizado em Lagoa Santa, o estado assume um papel central na corrida global pelo processamento desses insumos essenciais.<\/p>\n<p>A FIEMG defende ainda a participa\u00e7\u00e3o da Confedera\u00e7\u00e3o Nacional da Ind\u00fastria (CNI) no conselho<\/p>\n<h2>Pr\u00f3ximos passos e san\u00e7\u00e3o presidencial<\/h2>\n<p>O projeto segue agora para san\u00e7\u00e3o do presidente Luiz In\u00e1cio Lula da Silva, ap\u00f3s ser aprovado sem altera\u00e7\u00f5es substanciais no texto original do PL 2.780\/2024. A prioridade absoluta do setor produtivo para os pr\u00f3ximos anos ser\u00e1 garantir regras claras que assegurem a competitividade internacional do Brasil frente \u00e0 alta demanda global por tecnologias sustent\u00e1veis e de defesa.<\/p>\n<p>Relator, Eduardo Braga destacou a import\u00e2ncia dos investimentos em pesquisa e desenvolvimento do setor no Brasil<\/p>\n<p>Por Reda\u00e7\u00e3o Acontece<\/p>\n<p>Arquivo\/Divulga\u00e7\u00e3o<\/p>\n","protected":false},"excerpt":{"rendered":"<p>A aprova\u00e7\u00e3o pelo Senado do projeto que institui a Pol\u00edtica Nacional de Minerais Cr\u00edticos e Estrat\u00e9gicos gerou rea\u00e7\u00f5es mistas no setor produtivo nacional, equilibrando expectativas de avan\u00e7o tecnol\u00f3gico com alertas severos sobre a seguran\u00e7a jur\u00eddica dos investimentos. O posicionamento do setor de minera\u00e7\u00e3o Enquanto entidades representativas celebram o consenso pol\u00edtico alcan\u00e7ado entre governo e oposi\u00e7\u00e3o, [&hellip;]<\/p>\n","protected":false},"author":0,"featured_media":34116,"comment_status":"open","ping_status":"open","sticky":false,"template":"","format":"standard","meta":{"footnotes":""},"categories":[6],"tags":[],"class_list":["post-34108","post","type-post","status-publish","format-standard","has-post-thumbnail","hentry","category-mercosul"],"_links":{"self":[{"href":"https:\/\/acontecenafronteira.com.br\/index.php\/wp-json\/wp\/v2\/posts\/34108","targetHints":{"allow":["GET"]}}],"collection":[{"href":"https:\/\/acontecenafronteira.com.br\/index.php\/wp-json\/wp\/v2\/posts"}],"about":[{"href":"https:\/\/acontecenafronteira.com.br\/index.php\/wp-json\/wp\/v2\/types\/post"}],"replies":[{"embeddable":true,"href":"https:\/\/acontecenafronteira.com.br\/index.php\/wp-json\/wp\/v2\/comments?post=34108"}],"version-history":[{"count":1,"href":"https:\/\/acontecenafronteira.com.br\/index.php\/wp-json\/wp\/v2\/posts\/34108\/revisions"}],"predecessor-version":[{"id":34115,"href":"https:\/\/acontecenafronteira.com.br\/index.php\/wp-json\/wp\/v2\/posts\/34108\/revisions\/34115"}],"wp:featuredmedia":[{"embeddable":true,"href":"https:\/\/acontecenafronteira.com.br\/index.php\/wp-json\/wp\/v2\/media\/34116"}],"wp:attachment":[{"href":"https:\/\/acontecenafronteira.com.br\/index.php\/wp-json\/wp\/v2\/media?parent=34108"}],"wp:term":[{"taxonomy":"category","embeddable":true,"href":"https:\/\/acontecenafronteira.com.br\/index.php\/wp-json\/wp\/v2\/categories?post=34108"},{"taxonomy":"post_tag","embeddable":true,"href":"https:\/\/acontecenafronteira.com.br\/index.php\/wp-json\/wp\/v2\/tags?post=34108"}],"curies":[{"name":"wp","href":"https:\/\/api.w.org\/{rel}","templated":true}]}}