{"id":34106,"date":"2026-09-02T21:36:42","date_gmt":"2026-09-03T00:36:42","guid":{"rendered":"https:\/\/acontecenafronteira.com.br\/?p=34106"},"modified":"2026-09-02T21:36:42","modified_gmt":"2026-09-03T00:36:42","slug":"tse-aprova-6-chapas-presidenciais-7-candidaturas-esperam-aval","status":"publish","type":"post","link":"https:\/\/acontecenafronteira.com.br\/index.php\/2026\/09\/02\/tse-aprova-6-chapas-presidenciais-7-candidaturas-esperam-aval\/","title":{"rendered":"TSE aprova 6 chapas presidenciais; 7 candidaturas esperam aval"},"content":{"rendered":"<p>O Tribunal Superior Eleitoral deu o sinal verde, por unanimidade, para seis duplas concorrerem aos cargos de presidente e vice-presidente da Rep\u00fablica nas pr\u00f3ximas elei\u00e7\u00f5es.<\/p>\n<h2>Candidaturas j\u00e1 liberadas pela Justi\u00e7a Eleitoral<\/h2>\n<p>Entre os nomes que obtiveram a libera\u00e7\u00e3o oficial est\u00e3o Luiz In\u00e1cio Lula da Silva e Geraldo Alckmin, al\u00e9m de Fl\u00e1vio Bolsonaro acompanhado de Alfredo Gaspar. A lista de aprovados tamb\u00e9m conta com Romeu Zema e Eduardo Gir\u00e3o, Samara Martins ao lado de Raquel Br\u00edcio, Hertz Dias com Vanessa Portugal, e Edmilson Costa junto a Cleusa Santos.<\/p>\n<p>Os relatores encarregados dos processos foram o ministro Andr\u00e9 Mendon\u00e7a e a ministra Estela Aranha. A corte m\u00e1xima eleitoral atestou que todas essas candidaturas entregaram a papelada obrigat\u00f3ria e atenderam rigorosamente \u00e0s exig\u00eancias legais estabelecidas pela Constitui\u00e7\u00e3o Federal e pela Lei de Inelegibilidade.<\/p>\n<h2>Pedidos que continuam pendentes de julgamento<\/h2>\n<p>Apesar dos primeiros avan\u00e7os, a composi\u00e7\u00e3o final do pleito ainda depende da avalia\u00e7\u00e3o de outras sete solicita\u00e7\u00f5es que foram protocoladas dentro do prazo legal, finalizado em meados de agosto.<\/p>\n<p>Est\u00e3o na fila de aprecia\u00e7\u00e3o os nomes de Augusto Cury e J\u00falio Delgado, Renan Santos com Coronel Medina, Ronaldo Caiado junto a Gilberto Kassab, e Pablo Mar\u00e7al com Leonardo Avalanche. O tribunal tamb\u00e9m precisa deliberar sobre os pleitos de Wilson Grassi e Su\u00ead Haidar, Rui Costa Pimenta e Ant\u00f4nio Carlos, e por fim, Clariana Bar\u00e3o e Fabiana Torquato.<\/p>\n<h2>Panorama geral da corrida ao Pal\u00e1cio do Planalto<\/h2>\n<p>Para a disputa presidencial atual, a Justi\u00e7a Eleitoral contabilizou um total de 13 requerimentos de registro, superando em uma unidade o n\u00famero registrado no pleito anterior, realizado em 2022.<\/p>\n<p>Vale destacar que a avalia\u00e7\u00e3o e o veredito sobre os postulantes ao Executivo federal competem exclusivamente ao plen\u00e1rio da corte superior. Por outro lado, a an\u00e1lise dos registros referentes aos governadores, senadores e deputados fica sob a responsabilidade dos Tribunais Regionais Eleitorais de cada regi\u00e3o.<\/p>\n<p>Por Reda\u00e7\u00e3o Acontece<\/p>\n<p>Cr\u00e9ditos da imagem: Divulga\u00e7\u00e3o \/ TSE<\/p>\n","protected":false},"excerpt":{"rendered":"<p>O Tribunal Superior Eleitoral deu o sinal verde, por unanimidade, para seis duplas concorrerem aos cargos de presidente e vice-presidente da Rep\u00fablica nas pr\u00f3ximas elei\u00e7\u00f5es. Candidaturas j\u00e1 liberadas pela Justi\u00e7a Eleitoral Entre os nomes que obtiveram a libera\u00e7\u00e3o oficial est\u00e3o Luiz In\u00e1cio Lula da Silva e Geraldo Alckmin, al\u00e9m de Fl\u00e1vio Bolsonaro acompanhado de Alfredo [&hellip;]<\/p>\n","protected":false},"author":0,"featured_media":34112,"comment_status":"open","ping_status":"open","sticky":false,"template":"","format":"standard","meta":{"footnotes":""},"categories":[6],"tags":[],"class_list":["post-34106","post","type-post","status-publish","format-standard","has-post-thumbnail","hentry","category-mercosul"],"_links":{"self":[{"href":"https:\/\/acontecenafronteira.com.br\/index.php\/wp-json\/wp\/v2\/posts\/34106","targetHints":{"allow":["GET"]}}],"collection":[{"href":"https:\/\/acontecenafronteira.com.br\/index.php\/wp-json\/wp\/v2\/posts"}],"about":[{"href":"https:\/\/acontecenafronteira.com.br\/index.php\/wp-json\/wp\/v2\/types\/post"}],"replies":[{"embeddable":true,"href":"https:\/\/acontecenafronteira.com.br\/index.php\/wp-json\/wp\/v2\/comments?post=34106"}],"version-history":[{"count":1,"href":"https:\/\/acontecenafronteira.com.br\/index.php\/wp-json\/wp\/v2\/posts\/34106\/revisions"}],"predecessor-version":[{"id":34111,"href":"https:\/\/acontecenafronteira.com.br\/index.php\/wp-json\/wp\/v2\/posts\/34106\/revisions\/34111"}],"wp:featuredmedia":[{"embeddable":true,"href":"https:\/\/acontecenafronteira.com.br\/index.php\/wp-json\/wp\/v2\/media\/34112"}],"wp:attachment":[{"href":"https:\/\/acontecenafronteira.com.br\/index.php\/wp-json\/wp\/v2\/media?parent=34106"}],"wp:term":[{"taxonomy":"category","embeddable":true,"href":"https:\/\/acontecenafronteira.com.br\/index.php\/wp-json\/wp\/v2\/categories?post=34106"},{"taxonomy":"post_tag","embeddable":true,"href":"https:\/\/acontecenafronteira.com.br\/index.php\/wp-json\/wp\/v2\/tags?post=34106"}],"curies":[{"name":"wp","href":"https:\/\/api.w.org\/{rel}","templated":true}]}}