{"id":34105,"date":"2026-09-02T21:36:37","date_gmt":"2026-09-03T00:36:37","guid":{"rendered":"https:\/\/acontecenafronteira.com.br\/?p=34105"},"modified":"2026-09-02T21:36:37","modified_gmt":"2026-09-03T00:36:37","slug":"flamengo-bate-mirassol-e-cola-no-palmeiras-no-brasileirao","status":"publish","type":"post","link":"https:\/\/acontecenafronteira.com.br\/index.php\/2026\/09\/02\/flamengo-bate-mirassol-e-cola-no-palmeiras-no-brasileirao\/","title":{"rendered":"Flamengo bate Mirassol e cola no Palmeiras no Brasileir\u00e3o"},"content":{"rendered":"<p>Flamengo bate Mirassol e cola no Palmeiras no Brasileir\u00e3o Com gols de Carrascal e Lucas Paquet\u00e1, o Flamengo venceu o Mirassol por 2 a 0 em partida atrasada e ficou a apenas um ponto da lideran\u00e7a do campeonato. O <strong>Flamengo<\/strong> derrotou o <strong>Mirassol<\/strong> por 2 a 0 nesta quarta-feira (2\/9), em confronto v\u00e1lido pela 4\u00aa rodada atrasada do <strong>Campeonato Brasileiro<\/strong>. Com o resultado positivo conquistado em seus dom\u00ednios, a equipe carioca chegou aos 51 pontos, encostou no l\u00edder <strong>Palmeiras<\/strong> e manteve a vice-lideran\u00e7a da <strong>S\u00e9rie A<\/strong>, reduzindo a diferen\u00e7a para apenas um ponto. Do outro lado, o time paulista estacionou na 16\u00aa posi\u00e7\u00e3o com 25 pontos, sendo o primeiro clube fora da zona de rebaixamento. <\/p>\n<h2>Como foi a vit\u00f3ria rubro-negra no primeiro tempo<\/h2>\n<p> Contando com o apoio de sua torcida, os mandantes iniciaram a press\u00e3o logo cedo. Aos quatro minutos, ap\u00f3s jogada coletiva envolvendo Pedro e Samuel Lino, Lucas Paquet\u00e1 finalizou para fora. A superioridade deu frutos aos 13 minutos, quando Erick Pulgar acionou Samuel Lino pela esquerda. O ponta cruzou para Pedro, que ajeitou para <strong>Carrascal<\/strong> estampar a rede e inaugurar o marcador no <strong>Maracan\u00e3<\/strong>. O dom\u00ednio seguiu intenso e a vantagem por pouco n\u00e3o foi ampliada com L\u00e9o Ortiz e Varela, que pararam em defesas do goleiro Walter. Aos 40 minutos, no entanto, a insist\u00eancia funcionou. Jorginho acionou Carrascal pela direita, o colombiano cruzou com precis\u00e3o e <strong>Lucas Paquet\u00e1<\/strong> cabeceou no canto, sacramentando o 2 a 0 antes do intervalo. <\/p>\n<h2>Mudan\u00e7as e panorama da etapa final<\/h2>\n<p> Para o segundo tempo, o treinador rubro-negro precisou sacar Evertton Ara\u00fajo \u2014 que havia entrado no lugar de Erick Pulgar \u2014 por um desconforto na coxa, acionando Arrascaeta. Os visitantes tamb\u00e9m mexeram, trocando o goleiro Walter por Alex Muralha. O ritmo caiu e, embora Arrascaeta tenha exigido defesa de Muralha, o Mirassol come\u00e7ou a amea\u00e7ar com finaliza\u00e7\u00f5es de Igor Formiga e Fernandinho, assustando o sistema defensivo da casa, mas sem alterar o placar. <\/p>\n<h2>Pr\u00f3ximos compromissos na tabela<\/h2>\n<p> Com a tabela movimentada, os dois times voltam a campo no pr\u00f3ximo domingo (6\/9) para a disputa da 26\u00aa rodada da competi\u00e7\u00e3o nacional. Pela manh\u00e3, \u00e0s 11h, o Le\u00e3o Caipira viaja at\u00e9 o Paran\u00e1 para encarar o Coritiba no Est\u00e1dio Couto Pereira. Mais tarde, \u00e0s 16h, o Rubro-negro mede for\u00e7as com o Clube do Remo no Est\u00e1dio Mangueir\u00e3o, buscando assumir a ponta da tabela. Por Reda\u00e7\u00e3o Acontece Gilvan de Souza\/Flamengo<\/p>\n","protected":false},"excerpt":{"rendered":"<p>Flamengo bate Mirassol e cola no Palmeiras no Brasileir\u00e3o Com gols de Carrascal e Lucas Paquet\u00e1, o Flamengo venceu o Mirassol por 2 a 0 em partida atrasada e ficou a apenas um ponto da lideran\u00e7a do campeonato. O Flamengo derrotou o Mirassol por 2 a 0 nesta quarta-feira (2\/9), em confronto v\u00e1lido pela 4\u00aa [&hellip;]<\/p>\n","protected":false},"author":0,"featured_media":34110,"comment_status":"open","ping_status":"open","sticky":false,"template":"","format":"standard","meta":{"footnotes":""},"categories":[6],"tags":[],"class_list":["post-34105","post","type-post","status-publish","format-standard","has-post-thumbnail","hentry","category-mercosul"],"_links":{"self":[{"href":"https:\/\/acontecenafronteira.com.br\/index.php\/wp-json\/wp\/v2\/posts\/34105","targetHints":{"allow":["GET"]}}],"collection":[{"href":"https:\/\/acontecenafronteira.com.br\/index.php\/wp-json\/wp\/v2\/posts"}],"about":[{"href":"https:\/\/acontecenafronteira.com.br\/index.php\/wp-json\/wp\/v2\/types\/post"}],"replies":[{"embeddable":true,"href":"https:\/\/acontecenafronteira.com.br\/index.php\/wp-json\/wp\/v2\/comments?post=34105"}],"version-history":[{"count":1,"href":"https:\/\/acontecenafronteira.com.br\/index.php\/wp-json\/wp\/v2\/posts\/34105\/revisions"}],"predecessor-version":[{"id":34109,"href":"https:\/\/acontecenafronteira.com.br\/index.php\/wp-json\/wp\/v2\/posts\/34105\/revisions\/34109"}],"wp:featuredmedia":[{"embeddable":true,"href":"https:\/\/acontecenafronteira.com.br\/index.php\/wp-json\/wp\/v2\/media\/34110"}],"wp:attachment":[{"href":"https:\/\/acontecenafronteira.com.br\/index.php\/wp-json\/wp\/v2\/media?parent=34105"}],"wp:term":[{"taxonomy":"category","embeddable":true,"href":"https:\/\/acontecenafronteira.com.br\/index.php\/wp-json\/wp\/v2\/categories?post=34105"},{"taxonomy":"post_tag","embeddable":true,"href":"https:\/\/acontecenafronteira.com.br\/index.php\/wp-json\/wp\/v2\/tags?post=34105"}],"curies":[{"name":"wp","href":"https:\/\/api.w.org\/{rel}","templated":true}]}}