{"id":341,"date":"2021-10-06T16:53:13","date_gmt":"2021-10-06T19:53:13","guid":{"rendered":"http:\/\/acontecenafronteira.com.br\/?p=341"},"modified":"2021-10-06T16:53:13","modified_gmt":"2021-10-06T19:53:13","slug":"foztrans-adequa-estarfi-ao-codigo-de-transito-brasileiro","status":"publish","type":"post","link":"https:\/\/acontecenafronteira.com.br\/index.php\/2021\/10\/06\/foztrans-adequa-estarfi-ao-codigo-de-transito-brasileiro\/","title":{"rendered":"Foztrans adequa Estarfi ao C\u00f3digo de Tr\u00e2nsito Brasileiro"},"content":{"rendered":"\n<p>Regulariza\u00e7\u00e3o tamb\u00e9m pode ser feita via PIX, basta solicitar os dados pelo Whatsapp (45) 99997-3130<\/p>\n\n\n\n<p>J\u00e1 est\u00e3o em vigor as altera\u00e7\u00f5es aprovadas pela C\u00e2mara de Vereadores, que adequaram a lei do Estarfi de Foz do Igua\u00e7u, ao C\u00f3digo de Tr\u00e2nsito Brasileiro (CTB). Os ajustes na legisla\u00e7\u00e3o, de acordo com o superintendente do Foztrans (Instituto de Transporte e Tr\u00e2nsito), Lic\u00e9rio Santos, trazem seguran\u00e7a jur\u00eddica ao Munic\u00edpio e ao usu\u00e1rio do estacionamento regulamentado.<br><br>A adequa\u00e7\u00e3o ao CTB foi necess\u00e1ria. Em 2020, a C\u00e2mara de Vereadores aprovou mudan\u00e7a na lei do Estarfi, em desconformidade com o CTB, para isentar os condutores ou propriet\u00e1rios de ve\u00edculos da perda de pontos na Carteira Nacional de Habilita\u00e7\u00e3o (CNH).\u00a0<br><br>A proposta foi vetada pelo Executivo. &#8220;N\u00e3o d\u00e1 para legislar em tr\u00e2nsito sem estar enquadrado no CTB. Como a pessoa comete infra\u00e7\u00e3o e n\u00e3o t\u00eam infra\u00e7\u00e3o?&#8221;, indagou Lic\u00e9rio Santos, em entrevista \u00e0 R\u00e1dio Cultura. A altera\u00e7\u00e3o acabou promulgada pelo legislativo e criou inseguran\u00e7a jur\u00eddica.<br><br>&#8220;Na verdade, o que a gente fez foi trazer a ordem novamente. Seguimos uma orienta\u00e7\u00e3o do setor jur\u00eddico do Foztrans&#8221;, ressaltou o superintendente. A adequa\u00e7\u00e3o da lei do Estarfi foi aprovada em setembro pela C\u00e2mara de Vereadores.\u00a0<br><br><strong>Multas pelo CTB<br><br><\/strong>De acordo com Lic\u00e9rio Santos, neste per\u00edodo em que vigorou a altera\u00e7\u00e3o aprovada no ano passado, o Foztrans multou dentro do CTB, incluindo perda de pontos aos propriet\u00e1rios ou condutores de ve\u00edculos infratores. Ele lembra que a fiscaliza\u00e7\u00e3o n\u00e3o \u00e9 apenas para a zona regulamentada, &#8220;mas em qualquer lugar em que a pessoa estacionar em desacordo com a regra, a lei \u00e9 a mesma&#8221;.<br><br>Os ajustes na lei que entraram em vigor tamb\u00e9m reduziram de 14 para sete dias o prazo para pagamento da notifica\u00e7\u00e3o. Dentro deste prazo, o condutor ou propriet\u00e1rio paga o valor de R$ 10 no sede do Estarfi, localizado na Avenida Juscelino Kubistscheck, 337 \u2013 Centro.<br><br>Tamb\u00e9m \u00e9 poss\u00edvel entrar em contato com o Estarfi atrav\u00e9s do WhatsApp para (45) 99997-3130 e solicitar as informa\u00e7\u00f5es para o pagamento via PIX, para que seja dada baixa na infra\u00e7\u00e3o do Foztrans.<\/p>\n\n\n\n<figure class=\"wp-block-image size-full\"><img loading=\"lazy\" decoding=\"async\" width=\"799\" height=\"533\" src=\"http:\/\/acontecenafronteira.com.br\/wp-content\/uploads\/2021\/10\/WhatsApp-Image-2021-10-06-at-3.32.18-PM-1.jpeg\" alt=\"\" class=\"wp-image-344\" srcset=\"https:\/\/acontecenafronteira.com.br\/wp-content\/uploads\/2021\/10\/WhatsApp-Image-2021-10-06-at-3.32.18-PM-1.jpeg?v=1633549992 799w, https:\/\/acontecenafronteira.com.br\/wp-content\/uploads\/2021\/10\/WhatsApp-Image-2021-10-06-at-3.32.18-PM-1-300x200.jpeg?v=1633549992 300w, https:\/\/acontecenafronteira.com.br\/wp-content\/uploads\/2021\/10\/WhatsApp-Image-2021-10-06-at-3.32.18-PM-1-768x512.jpeg?v=1633549992 768w\" sizes=\"auto, (max-width: 799px) 100vw, 799px\" \/><\/figure>\n\n\n\n<p><\/p>\n","protected":false},"excerpt":{"rendered":"<p>Regulariza\u00e7\u00e3o tamb\u00e9m pode ser feita via PIX, basta solicitar os dados pelo Whatsapp (45) 99997-3130 J\u00e1 est\u00e3o em vigor as altera\u00e7\u00f5es aprovadas pela C\u00e2mara de Vereadores, que adequaram a lei do Estarfi de Foz do Igua\u00e7u, ao C\u00f3digo de Tr\u00e2nsito Brasileiro (CTB). Os ajustes na legisla\u00e7\u00e3o, de acordo com o superintendente do Foztrans (Instituto de [&hellip;]<\/p>\n","protected":false},"author":2,"featured_media":343,"comment_status":"open","ping_status":"open","sticky":false,"template":"","format":"standard","meta":{"om_disable_all_campaigns":false,"_monsterinsights_skip_tracking":false,"_monsterinsights_sitenote_active":false,"_monsterinsights_sitenote_note":"","_monsterinsights_sitenote_category":0,"footnotes":""},"categories":[1],"tags":[],"class_list":["post-341","post","type-post","status-publish","format-standard","has-post-thumbnail","hentry","category-sem-categoria"],"_links":{"self":[{"href":"https:\/\/acontecenafronteira.com.br\/index.php\/wp-json\/wp\/v2\/posts\/341","targetHints":{"allow":["GET"]}}],"collection":[{"href":"https:\/\/acontecenafronteira.com.br\/index.php\/wp-json\/wp\/v2\/posts"}],"about":[{"href":"https:\/\/acontecenafronteira.com.br\/index.php\/wp-json\/wp\/v2\/types\/post"}],"author":[{"embeddable":true,"href":"https:\/\/acontecenafronteira.com.br\/index.php\/wp-json\/wp\/v2\/users\/2"}],"replies":[{"embeddable":true,"href":"https:\/\/acontecenafronteira.com.br\/index.php\/wp-json\/wp\/v2\/comments?post=341"}],"version-history":[{"count":1,"href":"https:\/\/acontecenafronteira.com.br\/index.php\/wp-json\/wp\/v2\/posts\/341\/revisions"}],"predecessor-version":[{"id":345,"href":"https:\/\/acontecenafronteira.com.br\/index.php\/wp-json\/wp\/v2\/posts\/341\/revisions\/345"}],"wp:featuredmedia":[{"embeddable":true,"href":"https:\/\/acontecenafronteira.com.br\/index.php\/wp-json\/wp\/v2\/media\/343"}],"wp:attachment":[{"href":"https:\/\/acontecenafronteira.com.br\/index.php\/wp-json\/wp\/v2\/media?parent=341"}],"wp:term":[{"taxonomy":"category","embeddable":true,"href":"https:\/\/acontecenafronteira.com.br\/index.php\/wp-json\/wp\/v2\/categories?post=341"},{"taxonomy":"post_tag","embeddable":true,"href":"https:\/\/acontecenafronteira.com.br\/index.php\/wp-json\/wp\/v2\/tags?post=341"}],"curies":[{"name":"wp","href":"https:\/\/api.w.org\/{rel}","templated":true}]}}