{"id":34095,"date":"2026-09-02T21:36:14","date_gmt":"2026-09-03T00:36:14","guid":{"rendered":"https:\/\/acontecenafronteira.com.br\/?p=34095"},"modified":"2026-09-02T21:36:14","modified_gmt":"2026-09-03T00:36:14","slug":"emy-e-thaeme-lancam-tudo-menos-eu-no-sertanejo-feminino","status":"publish","type":"post","link":"https:\/\/acontecenafronteira.com.br\/index.php\/2026\/09\/02\/emy-e-thaeme-lancam-tudo-menos-eu-no-sertanejo-feminino\/","title":{"rendered":"Emy e Thaeme lan\u00e7am Tudo Menos Eu no sertanejo feminino"},"content":{"rendered":"<p>Pioneiras da gera\u00e7\u00e3o que revolucionou a presen\u00e7a feminina no sertanejo universit\u00e1rio, Emy e Thaeme uniram for\u00e7as pela primeira vez na carreira com o lan\u00e7amento da faixa in\u00e9dita &#8220;Tudo Menos Eu&#8221;.<\/p>\n<h2>A trajet\u00f3ria das artistas no sertanejo<\/h2>\n<p>Enquanto Thaeme consolidou seu nome nacionalmente ao lado de Thiago em uma dupla de enorme sucesso, Emy acumulou mais de dez anos de estrada como integrante do Trio Villa Baggage, ao lado de Guilherme e Benuto.<\/p>\n<h2>O conceito e a hist\u00f3ria por tr\u00e1s da m\u00fasica<\/h2>\n<p>Integrantes de uma fase de grande transforma\u00e7\u00e3o do g\u00eanero iniciada por volta de 2010, as cantoras agora cruzam seus caminhos em uma letra que aborda a dor contempor\u00e2nea de ver o ex-parceiro seguir a vida com outra pessoa.<\/p>\n<p>A narrativa da can\u00e7\u00e3o gira em torno de mensagens e \u00e1udios antigos guardados no celular, revelando o drama de assistir algu\u00e9m realizar todos os planos e promessas que antes pertenciam ao casal, mas agora ao lado de um novo amor.<\/p>\n<h2>Bastidores do projeto Lado EMY<\/h2>\n<p>Composta por Emy em parceria com outros autores, a m\u00fasica faz parte do projeto &#8220;Lado EMY&#8221;, iniciativa voltada para promover colabora\u00e7\u00f5es marcantes entre grandes vozes femininas do mercado sertanejo atual.<\/p>\n<p>A aposta das artistas na interpreta\u00e7\u00e3o e na altern\u00e2ncia de vocais promete gerar forte identifica\u00e7\u00e3o com o p\u00fablico, criando grandes expectativas em torno da circula\u00e7\u00e3o do single nas plataformas digitais.<\/p>\n<p>Por Reda\u00e7\u00e3o Acontece<\/p>\n<p>Foto: Divulga\u00e7\u00e3o<\/p>\n","protected":false},"excerpt":{"rendered":"<p>Pioneiras da gera\u00e7\u00e3o que revolucionou a presen\u00e7a feminina no sertanejo universit\u00e1rio, Emy e Thaeme uniram for\u00e7as pela primeira vez na carreira com o lan\u00e7amento da faixa in\u00e9dita &#8220;Tudo Menos Eu&#8221;. A trajet\u00f3ria das artistas no sertanejo Enquanto Thaeme consolidou seu nome nacionalmente ao lado de Thiago em uma dupla de enorme sucesso, Emy acumulou mais [&hellip;]<\/p>\n","protected":false},"author":0,"featured_media":34102,"comment_status":"open","ping_status":"open","sticky":false,"template":"","format":"standard","meta":{"footnotes":""},"categories":[28],"tags":[],"class_list":["post-34095","post","type-post","status-publish","format-standard","has-post-thumbnail","hentry","category-mundo"],"_links":{"self":[{"href":"https:\/\/acontecenafronteira.com.br\/index.php\/wp-json\/wp\/v2\/posts\/34095","targetHints":{"allow":["GET"]}}],"collection":[{"href":"https:\/\/acontecenafronteira.com.br\/index.php\/wp-json\/wp\/v2\/posts"}],"about":[{"href":"https:\/\/acontecenafronteira.com.br\/index.php\/wp-json\/wp\/v2\/types\/post"}],"replies":[{"embeddable":true,"href":"https:\/\/acontecenafronteira.com.br\/index.php\/wp-json\/wp\/v2\/comments?post=34095"}],"version-history":[{"count":1,"href":"https:\/\/acontecenafronteira.com.br\/index.php\/wp-json\/wp\/v2\/posts\/34095\/revisions"}],"predecessor-version":[{"id":34101,"href":"https:\/\/acontecenafronteira.com.br\/index.php\/wp-json\/wp\/v2\/posts\/34095\/revisions\/34101"}],"wp:featuredmedia":[{"embeddable":true,"href":"https:\/\/acontecenafronteira.com.br\/index.php\/wp-json\/wp\/v2\/media\/34102"}],"wp:attachment":[{"href":"https:\/\/acontecenafronteira.com.br\/index.php\/wp-json\/wp\/v2\/media?parent=34095"}],"wp:term":[{"taxonomy":"category","embeddable":true,"href":"https:\/\/acontecenafronteira.com.br\/index.php\/wp-json\/wp\/v2\/categories?post=34095"},{"taxonomy":"post_tag","embeddable":true,"href":"https:\/\/acontecenafronteira.com.br\/index.php\/wp-json\/wp\/v2\/tags?post=34095"}],"curies":[{"name":"wp","href":"https:\/\/api.w.org\/{rel}","templated":true}]}}