{"id":34090,"date":"2026-09-02T21:35:48","date_gmt":"2026-09-03T00:35:48","guid":{"rendered":"https:\/\/acontecenafronteira.com.br\/?p=34090"},"modified":"2026-09-02T21:35:48","modified_gmt":"2026-09-03T00:35:48","slug":"anvisa-proibe-fabricacao-de-produtos-unilever","status":"publish","type":"post","link":"https:\/\/acontecenafronteira.com.br\/index.php\/2026\/09\/02\/anvisa-proibe-fabricacao-de-produtos-unilever\/","title":{"rendered":"Anvisa pro\u00edbe fabrica\u00e7\u00e3o de produtos Unilever"},"content":{"rendered":"<p>A Ag\u00eancia Nacional de Vigil\u00e2ncia Sanit\u00e1ria (Anvisa) determinou a suspens\u00e3o da fabrica\u00e7\u00e3o de itens de limpeza em uma planta industrial da Unilever. A medida restritiva entrou em vigor nesta quarta-feira (2).<\/p>\n<h2>Motivos da interven\u00e7\u00e3o sanit\u00e1ria<\/h2>\n<p>A decis\u00e3o do \u00f3rg\u00e3o regulador impacta diretamente as opera\u00e7\u00f5es da multinacional no pa\u00eds, paralisando linhas produtivas voltadas para a higiene dom\u00e9stica e cuidados com o lar.<\/p>\n<h2>Impacto para os consumidores<\/h2>\n<p>A fiscaliza\u00e7\u00e3o rigorosa busca garantir a seguran\u00e7a da popula\u00e7\u00e3o, enquanto a empresa afetada deve prestar esclarecimentos e adequar suas instala\u00e7\u00f5es \u00e0s normas vigentes estabelecidas pelo governo federal.<\/p>\n<p>Novas inspe\u00e7\u00f5es dever\u00e3o ocorrer nas pr\u00f3ximas semanas para avaliar se as irregularidades apontadas pelos fiscais foram devidamente sanadas pela companhia.<\/p>\n<p>A suspens\u00e3o permanece ativa at\u00e9 que a fabricante comprove total conformidade com os padr\u00f5es de qualidade exigidos pela legisla\u00e7\u00e3o sanit\u00e1ria nacional.<\/p>\n<p>Por Reda\u00e7\u00e3o Acontece<\/p>\n<p>Cr\u00e9ditos da imagem: Divulga\u00e7\u00e3o\/Anvisa<\/p>\n","protected":false},"excerpt":{"rendered":"<p>A Ag\u00eancia Nacional de Vigil\u00e2ncia Sanit\u00e1ria (Anvisa) determinou a suspens\u00e3o da fabrica\u00e7\u00e3o de itens de limpeza em uma planta industrial da Unilever. A medida restritiva entrou em vigor nesta quarta-feira (2). Motivos da interven\u00e7\u00e3o sanit\u00e1ria A decis\u00e3o do \u00f3rg\u00e3o regulador impacta diretamente as opera\u00e7\u00f5es da multinacional no pa\u00eds, paralisando linhas produtivas voltadas para a higiene [&hellip;]<\/p>\n","protected":false},"author":0,"featured_media":34092,"comment_status":"open","ping_status":"open","sticky":false,"template":"","format":"standard","meta":{"footnotes":""},"categories":[18],"tags":[],"class_list":["post-34090","post","type-post","status-publish","format-standard","has-post-thumbnail","hentry","category-parana"],"_links":{"self":[{"href":"https:\/\/acontecenafronteira.com.br\/index.php\/wp-json\/wp\/v2\/posts\/34090","targetHints":{"allow":["GET"]}}],"collection":[{"href":"https:\/\/acontecenafronteira.com.br\/index.php\/wp-json\/wp\/v2\/posts"}],"about":[{"href":"https:\/\/acontecenafronteira.com.br\/index.php\/wp-json\/wp\/v2\/types\/post"}],"replies":[{"embeddable":true,"href":"https:\/\/acontecenafronteira.com.br\/index.php\/wp-json\/wp\/v2\/comments?post=34090"}],"version-history":[{"count":1,"href":"https:\/\/acontecenafronteira.com.br\/index.php\/wp-json\/wp\/v2\/posts\/34090\/revisions"}],"predecessor-version":[{"id":34091,"href":"https:\/\/acontecenafronteira.com.br\/index.php\/wp-json\/wp\/v2\/posts\/34090\/revisions\/34091"}],"wp:featuredmedia":[{"embeddable":true,"href":"https:\/\/acontecenafronteira.com.br\/index.php\/wp-json\/wp\/v2\/media\/34092"}],"wp:attachment":[{"href":"https:\/\/acontecenafronteira.com.br\/index.php\/wp-json\/wp\/v2\/media?parent=34090"}],"wp:term":[{"taxonomy":"category","embeddable":true,"href":"https:\/\/acontecenafronteira.com.br\/index.php\/wp-json\/wp\/v2\/categories?post=34090"},{"taxonomy":"post_tag","embeddable":true,"href":"https:\/\/acontecenafronteira.com.br\/index.php\/wp-json\/wp\/v2\/tags?post=34090"}],"curies":[{"name":"wp","href":"https:\/\/api.w.org\/{rel}","templated":true}]}}