{"id":34084,"date":"2026-09-02T20:37:38","date_gmt":"2026-09-02T23:37:38","guid":{"rendered":"https:\/\/acontecenafronteira.com.br\/?p=34084"},"modified":"2026-09-02T20:37:38","modified_gmt":"2026-09-02T23:37:38","slug":"alcolumbre-rebate-flavio-bolsonaro-e-defende-moraes-no-senado","status":"publish","type":"post","link":"https:\/\/acontecenafronteira.com.br\/index.php\/2026\/09\/02\/alcolumbre-rebate-flavio-bolsonaro-e-defende-moraes-no-senado\/","title":{"rendered":"Alcolumbre rebate Fl\u00e1vio Bolsonaro e defende Moraes no Senado"},"content":{"rendered":"<p>O presidente do Senado, Davi Alcolumbre (Uni\u00e3o-AP), manifestou insatisfa\u00e7\u00e3o nesta quarta-feira com os ataques que vem sofrendo de parlamentares da oposi\u00e7\u00e3o por recusar pautar pedidos de impeachment contra o ministro Alexandre de Moraes, do Supremo Tribunal Federal (STF).<\/p>\n<h2>Press\u00e3o pol\u00edtica e mensagens vazadas<\/h2>\n<p>A ofensiva pela destitui\u00e7\u00e3o do magistrado ganhou for\u00e7a recentemente ap\u00f3s a revela\u00e7\u00e3o de di\u00e1logos entre o ministro e Daniel Vorcaro, ex-propriet\u00e1rio do Banco Master. Os registros mostram intera\u00e7\u00f5es ocorridas durante o m\u00eas de novembro de 2025, per\u00edodo em que a institui\u00e7\u00e3o financeira enfrentava graves turbul\u00eancias e risco iminente de liquida\u00e7\u00e3o.<\/p>\n<h2>Cr\u00edticas indiretas e men\u00e7\u00e3o a financiamento de filme<\/h2>\n<p>Durante discurso no plen\u00e1rio, Alcolumbre fez men\u00e7\u00f5es veladas a Fl\u00e1vio Bolsonaro (PL-RJ), criticando o tom das cobran\u00e7as recebidas. O chefe da Casa Alta ironizou a situa\u00e7\u00e3o ao relembrar os recursos destinados \u00e0 produ\u00e7\u00e3o de uma cinebiografia sobre o ex-presidente Jair Bolsonaro (PL).<\/p>\n<h2>Repasses investigados pelo Coaf<\/h2>\n<p>Dados do Conselho de Controle de Atividades Financeiras apontam que o ex-banqueiro repassou US$ 1,6 milh\u00e3o a um fundo nos Estados Unidos em setembro do ano passado, contrariando declara\u00e7\u00f5es anteriores sobre o cronograma de pagamentos. A transa\u00e7\u00e3o ocorreu logo ap\u00f3s cobran\u00e7as feitas pelo parlamentar do Rio de Janeiro referentes a parcelas em atraso.<\/p>\n<h2>Alinhamentos pol\u00edticos e articula\u00e7\u00f5es no Congresso<\/h2>\n<p>No centro das discuss\u00f5es, o presidente do Senado mant\u00e9m sua posi\u00e7\u00e3o de barrar qualquer iniciativa de afastamento contra o aliado Alexandre de Moraes. Paralelamente, Alcolumbre buscou estreitar novamente os la\u00e7os com o Pal\u00e1cio do Planalto, consolidando uma aproxima\u00e7\u00e3o estrat\u00e9gica com o governo federal ap\u00f3s entendimentos recentes.<\/p>\n<p>Por Reda\u00e7\u00e3o Acontece<\/p>\n<p>Imagem: Divulga\u00e7\u00e3o \/ Ag\u00eancia Senado<\/p>\n","protected":false},"excerpt":{"rendered":"<p>O presidente do Senado, Davi Alcolumbre (Uni\u00e3o-AP), manifestou insatisfa\u00e7\u00e3o nesta quarta-feira com os ataques que vem sofrendo de parlamentares da oposi\u00e7\u00e3o por recusar pautar pedidos de impeachment contra o ministro Alexandre de Moraes, do Supremo Tribunal Federal (STF). Press\u00e3o pol\u00edtica e mensagens vazadas A ofensiva pela destitui\u00e7\u00e3o do magistrado ganhou for\u00e7a recentemente ap\u00f3s a revela\u00e7\u00e3o [&hellip;]<\/p>\n","protected":false},"author":0,"featured_media":34089,"comment_status":"open","ping_status":"open","sticky":false,"template":"","format":"standard","meta":{"footnotes":""},"categories":[28],"tags":[],"class_list":["post-34084","post","type-post","status-publish","format-standard","has-post-thumbnail","hentry","category-mundo"],"_links":{"self":[{"href":"https:\/\/acontecenafronteira.com.br\/index.php\/wp-json\/wp\/v2\/posts\/34084","targetHints":{"allow":["GET"]}}],"collection":[{"href":"https:\/\/acontecenafronteira.com.br\/index.php\/wp-json\/wp\/v2\/posts"}],"about":[{"href":"https:\/\/acontecenafronteira.com.br\/index.php\/wp-json\/wp\/v2\/types\/post"}],"replies":[{"embeddable":true,"href":"https:\/\/acontecenafronteira.com.br\/index.php\/wp-json\/wp\/v2\/comments?post=34084"}],"version-history":[{"count":1,"href":"https:\/\/acontecenafronteira.com.br\/index.php\/wp-json\/wp\/v2\/posts\/34084\/revisions"}],"predecessor-version":[{"id":34088,"href":"https:\/\/acontecenafronteira.com.br\/index.php\/wp-json\/wp\/v2\/posts\/34084\/revisions\/34088"}],"wp:featuredmedia":[{"embeddable":true,"href":"https:\/\/acontecenafronteira.com.br\/index.php\/wp-json\/wp\/v2\/media\/34089"}],"wp:attachment":[{"href":"https:\/\/acontecenafronteira.com.br\/index.php\/wp-json\/wp\/v2\/media?parent=34084"}],"wp:term":[{"taxonomy":"category","embeddable":true,"href":"https:\/\/acontecenafronteira.com.br\/index.php\/wp-json\/wp\/v2\/categories?post=34084"},{"taxonomy":"post_tag","embeddable":true,"href":"https:\/\/acontecenafronteira.com.br\/index.php\/wp-json\/wp\/v2\/tags?post=34084"}],"curies":[{"name":"wp","href":"https:\/\/api.w.org\/{rel}","templated":true}]}}