{"id":34076,"date":"2026-09-02T20:37:26","date_gmt":"2026-09-02T23:37:26","guid":{"rendered":"https:\/\/acontecenafronteira.com.br\/?p=34076"},"modified":"2026-09-02T20:37:26","modified_gmt":"2026-09-02T23:37:26","slug":"governo-lula-tem-48-de-desaprovacao-aponta-quaest","status":"publish","type":"post","link":"https:\/\/acontecenafronteira.com.br\/index.php\/2026\/09\/02\/governo-lula-tem-48-de-desaprovacao-aponta-quaest\/","title":{"rendered":"Governo Lula tem 48% de desaprova\u00e7\u00e3o, aponta Quaest"},"content":{"rendered":"<p>A administra\u00e7\u00e3o do presidente <strong>Luiz In\u00e1cio Lula da Silva<\/strong> registrou uma taxa de desaprova\u00e7\u00e3o de 48% entre os brasileiros, conforme revela a pesquisa da <strong>Quaest<\/strong> divulgada nesta quarta-feira (2).<\/p>\n<p>H2 Cen\u00e1rio pol\u00edtico atual<\/p>\n<p>O levantamento aponta ainda que 45% da popula\u00e7\u00e3o <strong>aprova<\/strong> a gest\u00e3o federal atual. Os n\u00fameros refletem o momento de polariza\u00e7\u00e3o e avalia\u00e7\u00e3o do atual mandato presidencial no pa\u00eds.<\/p>\n<p>H2 Metodologia e impacto<\/p>\n<p>A pesquisa ouviu eleitores em diversos estados para mensurar o <strong>sentimento popular<\/strong> em rela\u00e7\u00e3o \u00e0s medidas econ\u00f4micas e sociais implementadas pelo Pal\u00e1cio do Planalto nos \u00faltimos meses.<\/p>\n<p>H3 Margem de erro e entrevistas<\/p>\n<p>O instituto detalhou que o estudo possui rigor cient\u00edfico, abrangendo diferentes faixas et\u00e1rias, classes sociais e regi\u00f5es geogr\u00e1ficas para garantir a <strong>representatividade<\/strong> nacional dos dados coletados.<\/p>\n<p>Especialistas em <strong>ci\u00eancia pol\u00edtica<\/strong> ressaltam que flutua\u00e7\u00f5es nessa magnitude evidenciam a necessidade de aten\u00e7\u00e3o redobrada do Executivo frente \u00e0s demandas da sociedade.<\/p>\n<p>O panorama tra\u00e7ado pelo instituto serve como term\u00f4metro para os pr\u00f3ximos passos da <strong>articula\u00e7\u00e3o pol\u00edtica<\/strong> do governo federal no Congresso Nacional.<\/p>\n<p>Por Reda\u00e7\u00e3o Acontece<\/p>\n<p>Cr\u00e9ditos da imagem: Divulga\u00e7\u00e3o \/ Quaest<\/p>\n","protected":false},"excerpt":{"rendered":"<p>A administra\u00e7\u00e3o do presidente Luiz In\u00e1cio Lula da Silva registrou uma taxa de desaprova\u00e7\u00e3o de 48% entre os brasileiros, conforme revela a pesquisa da Quaest divulgada nesta quarta-feira (2). H2 Cen\u00e1rio pol\u00edtico atual O levantamento aponta ainda que 45% da popula\u00e7\u00e3o aprova a gest\u00e3o federal atual. Os n\u00fameros refletem o momento de polariza\u00e7\u00e3o e avalia\u00e7\u00e3o [&hellip;]<\/p>\n","protected":false},"author":0,"featured_media":34083,"comment_status":"open","ping_status":"open","sticky":false,"template":"","format":"standard","meta":{"footnotes":""},"categories":[18],"tags":[],"class_list":["post-34076","post","type-post","status-publish","format-standard","has-post-thumbnail","hentry","category-parana"],"_links":{"self":[{"href":"https:\/\/acontecenafronteira.com.br\/index.php\/wp-json\/wp\/v2\/posts\/34076","targetHints":{"allow":["GET"]}}],"collection":[{"href":"https:\/\/acontecenafronteira.com.br\/index.php\/wp-json\/wp\/v2\/posts"}],"about":[{"href":"https:\/\/acontecenafronteira.com.br\/index.php\/wp-json\/wp\/v2\/types\/post"}],"replies":[{"embeddable":true,"href":"https:\/\/acontecenafronteira.com.br\/index.php\/wp-json\/wp\/v2\/comments?post=34076"}],"version-history":[{"count":1,"href":"https:\/\/acontecenafronteira.com.br\/index.php\/wp-json\/wp\/v2\/posts\/34076\/revisions"}],"predecessor-version":[{"id":34082,"href":"https:\/\/acontecenafronteira.com.br\/index.php\/wp-json\/wp\/v2\/posts\/34076\/revisions\/34082"}],"wp:featuredmedia":[{"embeddable":true,"href":"https:\/\/acontecenafronteira.com.br\/index.php\/wp-json\/wp\/v2\/media\/34083"}],"wp:attachment":[{"href":"https:\/\/acontecenafronteira.com.br\/index.php\/wp-json\/wp\/v2\/media?parent=34076"}],"wp:term":[{"taxonomy":"category","embeddable":true,"href":"https:\/\/acontecenafronteira.com.br\/index.php\/wp-json\/wp\/v2\/categories?post=34076"},{"taxonomy":"post_tag","embeddable":true,"href":"https:\/\/acontecenafronteira.com.br\/index.php\/wp-json\/wp\/v2\/tags?post=34076"}],"curies":[{"name":"wp","href":"https:\/\/api.w.org\/{rel}","templated":true}]}}