{"id":34075,"date":"2026-09-02T20:37:23","date_gmt":"2026-09-02T23:37:23","guid":{"rendered":"https:\/\/acontecenafronteira.com.br\/?p=34075"},"modified":"2026-09-02T20:37:23","modified_gmt":"2026-09-02T23:37:23","slug":"selecao-brasileira-ancelotti-anuncia-26-convocados-na-quarta","status":"publish","type":"post","link":"https:\/\/acontecenafronteira.com.br\/index.php\/2026\/09\/02\/selecao-brasileira-ancelotti-anuncia-26-convocados-na-quarta\/","title":{"rendered":"Sele\u00e7\u00e3o Brasileira: Ancelotti anuncia 26 convocados na quarta"},"content":{"rendered":"<p>A equipe nacional de futebol se prepara para virar a p\u00e1gina do \u00faltimo Mundial e iniciar um novo ciclo de trabalho. Na pr\u00f3xima quarta-feira (9), o treinador Carlo Ancelotti divulgar\u00e1 a sua primeira lista de 26 convocados para defender a <strong>Sele\u00e7\u00e3o Brasileira<\/strong>.<\/p>\n<h2>O in\u00edcio de uma nova era no comando t\u00e9cnico<\/h2>\n<p>A expectativa \u00e9 grande nos bastidores do esporte para saber quais nomes v\u00e3o compor o grupo inicial sob a batuta do comandante italiano. Esta ser\u00e1 a oportunidade oficial de observar a renova\u00e7\u00e3o e as escolhas estrat\u00e9gicas visando aos pr\u00f3ximos compromissos do calend\u00e1rio internacional.<\/p>\n<h2>Expectativa em torno da lista de atletas<\/h2>\n<p>A rela\u00e7\u00e3o oficial contar\u00e1 com 26 jogadores selecionados para os pr\u00f3ximos desafios em campo. Os torcedores e especialistas aguardam ansiosamente para conferir quais craques do futebol nacional e internacional receber\u00e3o a chance de vestir a <strong>amarelinha<\/strong> nesta fase de transi\u00e7\u00e3o.<\/p>\n<p>O an\u00fancio oficial acontecer\u00e1 em meio a debates intensos sobre a renova\u00e7\u00e3o do elenco e a busca por novos talentos capazes de recolocar o pa\u00eds no topo do futebol mundial.<\/p>\n<p>Por Reda\u00e7\u00e3o Acontece<\/p>\n<p>Cr\u00e9ditos da imagem: Divulga\u00e7\u00e3o\/CBF<\/p>\n","protected":false},"excerpt":{"rendered":"<p>A equipe nacional de futebol se prepara para virar a p\u00e1gina do \u00faltimo Mundial e iniciar um novo ciclo de trabalho. Na pr\u00f3xima quarta-feira (9), o treinador Carlo Ancelotti divulgar\u00e1 a sua primeira lista de 26 convocados para defender a Sele\u00e7\u00e3o Brasileira. O in\u00edcio de uma nova era no comando t\u00e9cnico A expectativa \u00e9 grande [&hellip;]<\/p>\n","protected":false},"author":0,"featured_media":34081,"comment_status":"open","ping_status":"open","sticky":false,"template":"","format":"standard","meta":{"footnotes":""},"categories":[18],"tags":[],"class_list":["post-34075","post","type-post","status-publish","format-standard","has-post-thumbnail","hentry","category-parana"],"_links":{"self":[{"href":"https:\/\/acontecenafronteira.com.br\/index.php\/wp-json\/wp\/v2\/posts\/34075","targetHints":{"allow":["GET"]}}],"collection":[{"href":"https:\/\/acontecenafronteira.com.br\/index.php\/wp-json\/wp\/v2\/posts"}],"about":[{"href":"https:\/\/acontecenafronteira.com.br\/index.php\/wp-json\/wp\/v2\/types\/post"}],"replies":[{"embeddable":true,"href":"https:\/\/acontecenafronteira.com.br\/index.php\/wp-json\/wp\/v2\/comments?post=34075"}],"version-history":[{"count":1,"href":"https:\/\/acontecenafronteira.com.br\/index.php\/wp-json\/wp\/v2\/posts\/34075\/revisions"}],"predecessor-version":[{"id":34080,"href":"https:\/\/acontecenafronteira.com.br\/index.php\/wp-json\/wp\/v2\/posts\/34075\/revisions\/34080"}],"wp:featuredmedia":[{"embeddable":true,"href":"https:\/\/acontecenafronteira.com.br\/index.php\/wp-json\/wp\/v2\/media\/34081"}],"wp:attachment":[{"href":"https:\/\/acontecenafronteira.com.br\/index.php\/wp-json\/wp\/v2\/media?parent=34075"}],"wp:term":[{"taxonomy":"category","embeddable":true,"href":"https:\/\/acontecenafronteira.com.br\/index.php\/wp-json\/wp\/v2\/categories?post=34075"},{"taxonomy":"post_tag","embeddable":true,"href":"https:\/\/acontecenafronteira.com.br\/index.php\/wp-json\/wp\/v2\/tags?post=34075"}],"curies":[{"name":"wp","href":"https:\/\/api.w.org\/{rel}","templated":true}]}}