{"id":34074,"date":"2026-09-02T20:37:18","date_gmt":"2026-09-02T23:37:18","guid":{"rendered":"https:\/\/acontecenafronteira.com.br\/?p=34074"},"modified":"2026-09-02T20:37:18","modified_gmt":"2026-09-02T23:37:18","slug":"sus-amplia-acesso-a-tromboliticos-para-infarto-e-avc","status":"publish","type":"post","link":"https:\/\/acontecenafronteira.com.br\/index.php\/2026\/09\/02\/sus-amplia-acesso-a-tromboliticos-para-infarto-e-avc\/","title":{"rendered":"SUS amplia acesso a trombol\u00edticos para infarto e AVC"},"content":{"rendered":"<p>O Sistema \u00danico de Sa\u00fade (SUS) anunciou a expans\u00e3o na distribui\u00e7\u00e3o de medicamentos <strong>trombol\u00edticos<\/strong> para a rede de urg\u00eancia e emerg\u00eancia em todo o territ\u00f3rio nacional.<\/p>\n<h2>Mais agilidade no atendimento de urg\u00eancia<\/h2>\n<p>A estrat\u00e9gia do Minist\u00e9rio da Sa\u00fade abrange unidades de Pronto Atendimento, com o objetivo principal de acelerar a administra\u00e7\u00e3o de rem\u00e9dios capazes de dissolver co\u00e1gulos sangu\u00edneos e desobstruir art\u00e9rias rapidamente.<\/p>\n<h2>Impacto direto no tratamento de AVC e infarto<\/h2>\n<p>Com a nova diretriz, pacientes que sofrerem um acidente vascular cerebral isqu\u00eamico ou um infarto agudo do mioc\u00e1rdio ter\u00e3o acesso facilitado a terapias que reduzem drasticamente as chances de sequelas graves e mortalidade.<\/p>\n<h2>Capacita\u00e7\u00e3o das equipes de sa\u00fade<\/h2>\n<p>Al\u00e9m da entrega dos f\u00e1rmacos, o plano prev\u00ea o treinamento cont\u00ednuo de profissionais m\u00e9dicos e de enfermagem, garantindo diagn\u00f3sticos precisos e interven\u00e7\u00f5es precoces nas redes locais de atendimento.<\/p>\n<p>A iniciativa representa um avan\u00e7o hist\u00f3rico na medicina p\u00fablica brasileira, prometendo salvar milhares de vidas e otimizar o tempo-resposta em situa\u00e7\u00f5es cr\u00edticas de sa\u00fade.<\/p>\n<p>Por Reda\u00e7\u00e3o Acontece<\/p>\n<p>Cr\u00e9ditos da imagem: Divulga\u00e7\u00e3o\/Minist\u00e9rio da Sa\u00fade<\/p>\n","protected":false},"excerpt":{"rendered":"<p>O Sistema \u00danico de Sa\u00fade (SUS) anunciou a expans\u00e3o na distribui\u00e7\u00e3o de medicamentos trombol\u00edticos para a rede de urg\u00eancia e emerg\u00eancia em todo o territ\u00f3rio nacional. Mais agilidade no atendimento de urg\u00eancia A estrat\u00e9gia do Minist\u00e9rio da Sa\u00fade abrange unidades de Pronto Atendimento, com o objetivo principal de acelerar a administra\u00e7\u00e3o de rem\u00e9dios capazes de [&hellip;]<\/p>\n","protected":false},"author":0,"featured_media":34079,"comment_status":"open","ping_status":"open","sticky":false,"template":"","format":"standard","meta":{"footnotes":""},"categories":[18],"tags":[],"class_list":["post-34074","post","type-post","status-publish","format-standard","has-post-thumbnail","hentry","category-parana"],"_links":{"self":[{"href":"https:\/\/acontecenafronteira.com.br\/index.php\/wp-json\/wp\/v2\/posts\/34074","targetHints":{"allow":["GET"]}}],"collection":[{"href":"https:\/\/acontecenafronteira.com.br\/index.php\/wp-json\/wp\/v2\/posts"}],"about":[{"href":"https:\/\/acontecenafronteira.com.br\/index.php\/wp-json\/wp\/v2\/types\/post"}],"replies":[{"embeddable":true,"href":"https:\/\/acontecenafronteira.com.br\/index.php\/wp-json\/wp\/v2\/comments?post=34074"}],"version-history":[{"count":1,"href":"https:\/\/acontecenafronteira.com.br\/index.php\/wp-json\/wp\/v2\/posts\/34074\/revisions"}],"predecessor-version":[{"id":34078,"href":"https:\/\/acontecenafronteira.com.br\/index.php\/wp-json\/wp\/v2\/posts\/34074\/revisions\/34078"}],"wp:featuredmedia":[{"embeddable":true,"href":"https:\/\/acontecenafronteira.com.br\/index.php\/wp-json\/wp\/v2\/media\/34079"}],"wp:attachment":[{"href":"https:\/\/acontecenafronteira.com.br\/index.php\/wp-json\/wp\/v2\/media?parent=34074"}],"wp:term":[{"taxonomy":"category","embeddable":true,"href":"https:\/\/acontecenafronteira.com.br\/index.php\/wp-json\/wp\/v2\/categories?post=34074"},{"taxonomy":"post_tag","embeddable":true,"href":"https:\/\/acontecenafronteira.com.br\/index.php\/wp-json\/wp\/v2\/tags?post=34074"}],"curies":[{"name":"wp","href":"https:\/\/api.w.org\/{rel}","templated":true}]}}