{"id":34062,"date":"2026-09-02T20:36:06","date_gmt":"2026-09-02T23:36:06","guid":{"rendered":"https:\/\/acontecenafronteira.com.br\/?p=34062"},"modified":"2026-09-02T20:36:06","modified_gmt":"2026-09-02T23:36:06","slug":"eleicoes-2026-pr-agenda-de-requiao-filho-em-curitiba","status":"publish","type":"post","link":"https:\/\/acontecenafronteira.com.br\/index.php\/2026\/09\/02\/eleicoes-2026-pr-agenda-de-requiao-filho-em-curitiba\/","title":{"rendered":"Elei\u00e7\u00f5es 2026 PR: agenda de Requi\u00e3o Filho em Curitiba"},"content":{"rendered":"<p>O candidato ao governo do estado pelo PDT, Requi\u00e3o Filho, movimentou sua campanha nesta quarta-feira (2) com compromissos oficiais em Curitiba e tamb\u00e9m na Regi\u00e3o Metropolitana, passando por Campo Largo.<\/p>\n<h2>Compromissos na capital e na Regi\u00e3o Metropolitana<\/h2>\n<p>Durante sua passagem por Curitiba, o candidato esteve no Hospital Erastinho, institui\u00e7\u00e3o de refer\u00eancia dedicada ao tratamento oncol\u00f3gico infantil. Em seguida, deslocou-se at\u00e9 Campo Largo para conhecer as instala\u00e7\u00f5es de uma empresa voltada ao setor agropecu\u00e1rio.<\/p>\n<h2>Debate ambiental e compromissos na m\u00eddia<\/h2>\n<p>A programa\u00e7\u00e3o do dia incluiu ainda a participa\u00e7\u00e3o em um evento focado em pautas clim\u00e1ticas e de preserva\u00e7\u00e3o ambiental na capital paranaense, al\u00e9m de uma entrevista concedida via internet para a r\u00e1dio RC FM, localizada em Corn\u00e9lio Proc\u00f3pio.<\/p>\n<p>Uma conversa programada com o canal Jovem Pan News acabou n\u00e3o ocorrendo. De acordo com a equipe de comunica\u00e7\u00e3o do pol\u00edtico, a emissora suspendeu a sabatina em decorr\u00eancia de falhas t\u00e9cnicas.<\/p>\n<h2>Panorama da corrida eleitoral no estado<\/h2>\n<p>O per\u00edodo oficial de propaganda e busca por votos teve in\u00edcio em 16 de agosto em todo o territ\u00f3rio nacional, permitindo com\u00edcios, carreatas, debates e divulga\u00e7\u00e3o de propostas conforme as normas da Justi\u00e7a Eleitoral.<\/p>\n<p>O pleito que definir\u00e1 os novos representantes est\u00e1 agendado para o dia 4 de outubro em primeiro turno, enquanto um eventual segundo turno ocorrer\u00e1 em 25 de outubro. Na disputa pelo comando do estado, oito candidaturas foram oficializadas pelas legendas: Adriano Teixeira (PCO), Alexandre Salom\u00e3o (Mobiliza), Luiz Fran\u00e7a (Miss\u00e3o), Requi\u00e3o Filho (PDT), Samuel Mattos (PSTU), Sandro Alex (PSD), S\u00e9rgio Moro (PL) e Tayn\u00e1 Miessa (UP).<\/p>\n<p>Por Reda\u00e7\u00e3o Acontece<\/p>\n<p>Marcelo Camargo\/Ag\u00eancia Brasil<\/p>\n","protected":false},"excerpt":{"rendered":"<p>O candidato ao governo do estado pelo PDT, Requi\u00e3o Filho, movimentou sua campanha nesta quarta-feira (2) com compromissos oficiais em Curitiba e tamb\u00e9m na Regi\u00e3o Metropolitana, passando por Campo Largo. Compromissos na capital e na Regi\u00e3o Metropolitana Durante sua passagem por Curitiba, o candidato esteve no Hospital Erastinho, institui\u00e7\u00e3o de refer\u00eancia dedicada ao tratamento oncol\u00f3gico [&hellip;]<\/p>\n","protected":false},"author":0,"featured_media":34068,"comment_status":"open","ping_status":"open","sticky":false,"template":"","format":"standard","meta":{"footnotes":""},"categories":[18],"tags":[],"class_list":["post-34062","post","type-post","status-publish","format-standard","has-post-thumbnail","hentry","category-parana"],"_links":{"self":[{"href":"https:\/\/acontecenafronteira.com.br\/index.php\/wp-json\/wp\/v2\/posts\/34062","targetHints":{"allow":["GET"]}}],"collection":[{"href":"https:\/\/acontecenafronteira.com.br\/index.php\/wp-json\/wp\/v2\/posts"}],"about":[{"href":"https:\/\/acontecenafronteira.com.br\/index.php\/wp-json\/wp\/v2\/types\/post"}],"replies":[{"embeddable":true,"href":"https:\/\/acontecenafronteira.com.br\/index.php\/wp-json\/wp\/v2\/comments?post=34062"}],"version-history":[{"count":1,"href":"https:\/\/acontecenafronteira.com.br\/index.php\/wp-json\/wp\/v2\/posts\/34062\/revisions"}],"predecessor-version":[{"id":34067,"href":"https:\/\/acontecenafronteira.com.br\/index.php\/wp-json\/wp\/v2\/posts\/34062\/revisions\/34067"}],"wp:featuredmedia":[{"embeddable":true,"href":"https:\/\/acontecenafronteira.com.br\/index.php\/wp-json\/wp\/v2\/media\/34068"}],"wp:attachment":[{"href":"https:\/\/acontecenafronteira.com.br\/index.php\/wp-json\/wp\/v2\/media?parent=34062"}],"wp:term":[{"taxonomy":"category","embeddable":true,"href":"https:\/\/acontecenafronteira.com.br\/index.php\/wp-json\/wp\/v2\/categories?post=34062"},{"taxonomy":"post_tag","embeddable":true,"href":"https:\/\/acontecenafronteira.com.br\/index.php\/wp-json\/wp\/v2\/tags?post=34062"}],"curies":[{"name":"wp","href":"https:\/\/api.w.org\/{rel}","templated":true}]}}