{"id":34061,"date":"2026-09-02T20:36:00","date_gmt":"2026-09-02T23:36:00","guid":{"rendered":"https:\/\/acontecenafronteira.com.br\/?p=34061"},"modified":"2026-09-02T20:36:00","modified_gmt":"2026-09-02T23:36:00","slug":"candidatos-ao-governo-do-parana-intensificam-campanha","status":"publish","type":"post","link":"https:\/\/acontecenafronteira.com.br\/index.php\/2026\/09\/02\/candidatos-ao-governo-do-parana-intensificam-campanha\/","title":{"rendered":"Candidatos ao governo do Paran\u00e1 intensificam campanha"},"content":{"rendered":"<p>A disputa pelo Pal\u00e1cio Igua\u00e7u movimentou diferentes regi\u00f5es paranaenses nesta quarta-feira (2). Os postulantes ao cargo de governador cumpriram agendas intensas que inclu\u00edram entrevistas \u00e0 imprensa, reuni\u00f5es pol\u00edticas e contato direto com eleitores na capital, no litoral e no interior.<\/p>\n<h2>Agenda dos principais candidatos<\/h2>\n<p>Requi\u00e3o Filho (PDT), Sandro Alex (PSD) e S\u00e9rgio Moro (PL) concentraram parte de suas atividades em sabatinas e di\u00e1logos com a comunidade, alternando compromissos p\u00fablicos e privados ao longo do dia.<\/p>\n<p>Requi\u00e3o Filho passou por um centro m\u00e9dico em Curitiba e por uma empresa agropecu\u00e1ria em Campo Largo, al\u00e9m de conceder entrevista remota e debater pautas ambientais. Sandro Alex cumpriu agenda na capital com lideran\u00e7as sociais e caminhada, e seguiu para Foz do Igua\u00e7u para reuni\u00f5es com o setor hoteleiro e educadores. J\u00e1 S\u00e9rgio Moro dedicou o dia a grava\u00e7\u00f5es eleitorais, caminhada pelo com\u00e9rcio de Paranagu\u00e1 e entrevista a uma emissora nacional.<\/p>\n<h2>Atividades no interior e na capital<\/h2>\n<p>Outros nomes na corrida eleitoral tamb\u00e9m movimentaram suas bases de apoio com estrat\u00e9gias focadas em reuni\u00f5es setoriais e atos p\u00fablicos.<\/p>\n<p>Adriano Funileiro (PCO) esteve reunido com eleitores em Paranava\u00ed, passando tamb\u00e9m pelo Bairro Jardim O\u00e1sis e pela Unespar. Alexandre Salom\u00e3o (Mobiliza) realizou caminhada no Bairro Alto, em Curitiba, alinhou estrat\u00e9gias com sua equipe e conversou com apoiadores em transmiss\u00e3o ao vivo. Luiz Fran\u00e7a (Miss\u00e3o) se reuniu com dirigentes partid\u00e1rios, falou com a imprensa local e viajou para a regi\u00e3o sudoeste paranaense.<\/p>\n<p>Samuel de Mattos (PSTU) focou sua quarta-feira em debates program\u00e1ticos voltados \u00e0 \u00e1rea da sa\u00fade p\u00fablica. A candidata Tayn\u00e1 Miessa (Unidade Popular) optou por n\u00e3o tornar p\u00fablica a sua agenda de compromissos para a data.<\/p>\n<h2>O pleito de 2026 no estado<\/h2>\n<p>Autorizada desde o dia 16 de agosto, a propaganda eleitoral permite pedidos de votos, com\u00edcios, caminhadas e inser\u00e7\u00f5es no r\u00e1dio, na televis\u00e3o e na internet, conforme as normativas da Justi\u00e7a Eleitoral.<\/p>\n<p>O primeiro turno da vota\u00e7\u00e3o est\u00e1 agendado para o dia 4 de outubro, enquanto um eventual segundo turno ocorrer\u00e1 em 25 de outubro. Ao todo, oito chapas disputam o comando do executivo estadual: Adriano Teixeira (PCO), Alexandre Salom\u00e3o (Mobiliza), Luiz Fran\u00e7a (Miss\u00e3o), Requi\u00e3o Filho (PDT), Samuel Mattos (PSTU), Sandro Alex (PSD), S\u00e9rgio Moro (PL) e Tayn\u00e1 Miessa (UP).<\/p>\n<p>Por Reda\u00e7\u00e3o Acontece<\/p>\n<p>Natalia Filippin\/G1 e Marcelo Camargo\/Ag\u00eancia Brasil<\/p>\n","protected":false},"excerpt":{"rendered":"<p>A disputa pelo Pal\u00e1cio Igua\u00e7u movimentou diferentes regi\u00f5es paranaenses nesta quarta-feira (2). Os postulantes ao cargo de governador cumpriram agendas intensas que inclu\u00edram entrevistas \u00e0 imprensa, reuni\u00f5es pol\u00edticas e contato direto com eleitores na capital, no litoral e no interior. Agenda dos principais candidatos Requi\u00e3o Filho (PDT), Sandro Alex (PSD) e S\u00e9rgio Moro (PL) concentraram [&hellip;]<\/p>\n","protected":false},"author":0,"featured_media":34066,"comment_status":"open","ping_status":"open","sticky":false,"template":"","format":"standard","meta":{"footnotes":""},"categories":[18],"tags":[],"class_list":["post-34061","post","type-post","status-publish","format-standard","has-post-thumbnail","hentry","category-parana"],"_links":{"self":[{"href":"https:\/\/acontecenafronteira.com.br\/index.php\/wp-json\/wp\/v2\/posts\/34061","targetHints":{"allow":["GET"]}}],"collection":[{"href":"https:\/\/acontecenafronteira.com.br\/index.php\/wp-json\/wp\/v2\/posts"}],"about":[{"href":"https:\/\/acontecenafronteira.com.br\/index.php\/wp-json\/wp\/v2\/types\/post"}],"replies":[{"embeddable":true,"href":"https:\/\/acontecenafronteira.com.br\/index.php\/wp-json\/wp\/v2\/comments?post=34061"}],"version-history":[{"count":1,"href":"https:\/\/acontecenafronteira.com.br\/index.php\/wp-json\/wp\/v2\/posts\/34061\/revisions"}],"predecessor-version":[{"id":34065,"href":"https:\/\/acontecenafronteira.com.br\/index.php\/wp-json\/wp\/v2\/posts\/34061\/revisions\/34065"}],"wp:featuredmedia":[{"embeddable":true,"href":"https:\/\/acontecenafronteira.com.br\/index.php\/wp-json\/wp\/v2\/media\/34066"}],"wp:attachment":[{"href":"https:\/\/acontecenafronteira.com.br\/index.php\/wp-json\/wp\/v2\/media?parent=34061"}],"wp:term":[{"taxonomy":"category","embeddable":true,"href":"https:\/\/acontecenafronteira.com.br\/index.php\/wp-json\/wp\/v2\/categories?post=34061"},{"taxonomy":"post_tag","embeddable":true,"href":"https:\/\/acontecenafronteira.com.br\/index.php\/wp-json\/wp\/v2\/tags?post=34061"}],"curies":[{"name":"wp","href":"https:\/\/api.w.org\/{rel}","templated":true}]}}