{"id":34051,"date":"2026-09-02T19:37:50","date_gmt":"2026-09-02T22:37:50","guid":{"rendered":"https:\/\/acontecenafronteira.com.br\/?p=34051"},"modified":"2026-09-02T19:37:50","modified_gmt":"2026-09-02T22:37:50","slug":"flavio-bolsonaro-promete-comida-barata-em-campanha-no-rs","status":"publish","type":"post","link":"https:\/\/acontecenafronteira.com.br\/index.php\/2026\/09\/02\/flavio-bolsonaro-promete-comida-barata-em-campanha-no-rs\/","title":{"rendered":"Fl\u00e1vio Bolsonaro promete comida barata em campanha no RS"},"content":{"rendered":"<p>Durante agenda de campanha realizada nesta quarta-feira (2\/9) em Esteio, na regi\u00e3o metropolitana de Porto Alegre (RS), o candidato \u00e0 Presid\u00eancia Fl\u00e1vio Bolsonaro (PL) assumiu o compromisso de fazer com que os alimentos voltem a ter pre\u00e7os acess\u00edveis, comparando a situa\u00e7\u00e3o com o per\u00edodo em que seu pai, Jair Bolsonaro, presidiu o pa\u00eds.<\/p>\n<h2>Propostas para o setor agropecu\u00e1rio<\/h2>\n<p>O senador aproveitou o discurso direcionado a apoiadores em uma feira do agroneg\u00f3cio para direcionar duras cr\u00edticas \u00e0 atual administra\u00e7\u00e3o liderada pelo presidente Luiz In\u00e1cio Lula da Silva (PT). Segundo o pol\u00edtico, o objetivo de reduzir o custo da cesta b\u00e1sica n\u00e3o ser\u00e1 alcan\u00e7ado por meio de medidas arbitr\u00e1rias, mas sim mediante a reestrutura\u00e7\u00e3o fiscal e o fortalecimento de garantias para o campo.<\/p>\n<h2>Medidas de apoio \u00e0s cooperativas<\/h2>\n<p>Al\u00e9m da promessa econ\u00f4mica, o candidato do PL detalhou que sua gest\u00e3o pretende fornecer forte suporte \u00e0s cooperativas agr\u00edcolas. A estrat\u00e9gia envolve a aprova\u00e7\u00e3o e san\u00e7\u00e3o de legisla\u00e7\u00f5es espec\u00edficas para fixar um montante permanente e imune a contingenciamentos destinado ao financiamento da produ\u00e7\u00e3o agropecu\u00e1ria em territ\u00f3rio nacional.<\/p>\n<h2>Presen\u00e7as pol\u00edticas no evento<\/h2>\n<p>A viagem ao Rio Grande do Sul contou com a presen\u00e7a de aliados importantes e familiares. O parlamentar esteve acompanhado de sua esposa, Fernanda Bolsonaro, do candidato ao governo ga\u00facho pelo PL, Luciano Zucco, al\u00e9m dos postulantes ao Senado Sanderson (PL) e Marcel van Hattem (Novo).<\/p>\n<p>Por Reda\u00e7\u00e3o Acontece<\/p>\n<p>Samuel Pancher\/Metr\u00f3poles<\/p>\n","protected":false},"excerpt":{"rendered":"<p>Durante agenda de campanha realizada nesta quarta-feira (2\/9) em Esteio, na regi\u00e3o metropolitana de Porto Alegre (RS), o candidato \u00e0 Presid\u00eancia Fl\u00e1vio Bolsonaro (PL) assumiu o compromisso de fazer com que os alimentos voltem a ter pre\u00e7os acess\u00edveis, comparando a situa\u00e7\u00e3o com o per\u00edodo em que seu pai, Jair Bolsonaro, presidiu o pa\u00eds. Propostas para [&hellip;]<\/p>\n","protected":false},"author":0,"featured_media":34058,"comment_status":"open","ping_status":"open","sticky":false,"template":"","format":"standard","meta":{"footnotes":""},"categories":[6],"tags":[],"class_list":["post-34051","post","type-post","status-publish","format-standard","has-post-thumbnail","hentry","category-mercosul"],"_links":{"self":[{"href":"https:\/\/acontecenafronteira.com.br\/index.php\/wp-json\/wp\/v2\/posts\/34051","targetHints":{"allow":["GET"]}}],"collection":[{"href":"https:\/\/acontecenafronteira.com.br\/index.php\/wp-json\/wp\/v2\/posts"}],"about":[{"href":"https:\/\/acontecenafronteira.com.br\/index.php\/wp-json\/wp\/v2\/types\/post"}],"replies":[{"embeddable":true,"href":"https:\/\/acontecenafronteira.com.br\/index.php\/wp-json\/wp\/v2\/comments?post=34051"}],"version-history":[{"count":1,"href":"https:\/\/acontecenafronteira.com.br\/index.php\/wp-json\/wp\/v2\/posts\/34051\/revisions"}],"predecessor-version":[{"id":34057,"href":"https:\/\/acontecenafronteira.com.br\/index.php\/wp-json\/wp\/v2\/posts\/34051\/revisions\/34057"}],"wp:featuredmedia":[{"embeddable":true,"href":"https:\/\/acontecenafronteira.com.br\/index.php\/wp-json\/wp\/v2\/media\/34058"}],"wp:attachment":[{"href":"https:\/\/acontecenafronteira.com.br\/index.php\/wp-json\/wp\/v2\/media?parent=34051"}],"wp:term":[{"taxonomy":"category","embeddable":true,"href":"https:\/\/acontecenafronteira.com.br\/index.php\/wp-json\/wp\/v2\/categories?post=34051"},{"taxonomy":"post_tag","embeddable":true,"href":"https:\/\/acontecenafronteira.com.br\/index.php\/wp-json\/wp\/v2\/tags?post=34051"}],"curies":[{"name":"wp","href":"https:\/\/api.w.org\/{rel}","templated":true}]}}