{"id":34049,"date":"2026-09-02T19:37:35","date_gmt":"2026-09-02T22:37:35","guid":{"rendered":"https:\/\/acontecenafronteira.com.br\/?p=34049"},"modified":"2026-09-02T19:37:35","modified_gmt":"2026-09-02T22:37:35","slug":"mae-registra-bo-apos-desconhecida-fotografar-bebe-sem-autorizacao-na-unb","status":"publish","type":"post","link":"https:\/\/acontecenafronteira.com.br\/index.php\/2026\/09\/02\/mae-registra-bo-apos-desconhecida-fotografar-bebe-sem-autorizacao-na-unb\/","title":{"rendered":"M\u00e3e registra BO ap\u00f3s desconhecida fotografar beb\u00ea sem autoriza\u00e7\u00e3o na UnB"},"content":{"rendered":"<p>Uma aluna da Universidade de Bras\u00edlia (UnB) recorreu \u00e0 pol\u00edcia ap\u00f3s ser alvo de persegui\u00e7\u00e3o e ter sua filha, uma beb\u00ea de apenas cinco meses, fotografada e filmada sem consentimento dentro do campus da Asa Norte, mobilizando autoridades e coletivos acad\u00eamicos.<\/p>\n<h2>Primeira abordagem invasiva no campus<\/h2>\n<p>O drama teve in\u00edcio na manh\u00e3 de uma quinta-feira, dia 27 de agosto, no Pavilh\u00e3o Jo\u00e3o Calmon (PJC). A estudante carregava a filha no colo quando foi surpreendida por uma mulher desconhecida que adotou uma postura invasiva, exigindo cheirar o beb\u00ea e tentando peg\u00e1-la \u00e0 for\u00e7a. Tomada pelo susto, a m\u00e3e negou o contato f\u00edsico por total desconhecimento da atitude, mas permitiu apenas que a estranha olhasse a crian\u00e7a \u00e0 dist\u00e2ncia.<\/p>\n<h2>Nova aproxima\u00e7\u00e3o e registro n\u00e3o autorizado<\/h2>\n<p>Mais tarde, enquanto conversava sobre o inc\u00f4modo com a bab\u00e1, a mesma suspeita reapareceu e ouviu o alerta dado \u00e0 cuidadora. Cinco dias depois, na ter\u00e7a-feira (1\/9), a situa\u00e7\u00e3o escalou quando a mulher encontrou a bab\u00e1 e a beb\u00ea sentadas em um banco no corredor central do pr\u00e9dio, aproveitando a aus\u00eancia da m\u00e3e que estava em sala de aula.<\/p>\n<p>A desconhecida come\u00e7ou a interagir com a nen\u00e9m e iniciou uma sess\u00e3o de fotos e v\u00eddeos. Diante da advert\u00eancia da bab\u00e1 sobre a proibi\u00e7\u00e3o dos registros, a agressora verbalizou que n\u00e3o obedeceria e justificou que mandaria o material para o seu namorado, recusando-se veementemente a deletar o conte\u00fado digital capturado.<\/p>\n<h2>Confronto e busca por seguran\u00e7a na UnB<\/h2>\n<p>Avisada do ocorrido, a m\u00e3e abandonou a aula imediatamente para confrontar a mulher, mas ouviu novamente uma negativa sobre a exclus\u00e3o dos arquivos. A suspeita ainda debochou da situa\u00e7\u00e3o ao alegar que n\u00e3o sabia que ambas eram &#8220;famosas&#8221;, antes de fugir do local com os registros da crian\u00e7a armazenados.<\/p>\n<p>Diante da gravidade da invas\u00e3o de privacidade, a fam\u00edlia mobilizou a seguran\u00e7a da institui\u00e7\u00e3o.<\/p>\n<h2>A\u00e7\u00f5es institucionais e apoio de coletivo<\/h2>\n<p>A estudante acionou o marido, exigiu as imagens das c\u00e2meras de seguran\u00e7a e notificou os \u00f3rg\u00e3os competentes do Centro de Seguran\u00e7a da UnB para garantir a preserva\u00e7\u00e3o das filmagens das c\u00e2meras e formalizar a ocorr\u00eancia interna por persegui\u00e7\u00e3o e capta\u00e7\u00e3o il\u00edcita de imagens de menor.<\/p>\n<p>O coletivo de m\u00e3es da universidade repudiou o ato e destacou que a comunidade discente materna precisa frequentar as depend\u00eancias acad\u00eamicas com dignidade, seguran\u00e7a e paz, sem precisar viver sobressaltada ou com medo constante. A entidade prometeu cobrar provid\u00eancias da reitoria e orientou que casos semelhantes sejam denunciados imediatamente na Ouvidoria da UnB, na Delegacia de Prote\u00e7\u00e3o \u00e0 Crian\u00e7a e ao Adolescente (DPCA), al\u00e9m da preserva\u00e7\u00e3o de provas e hor\u00e1rios.<\/p>\n<p>Por fim, a administra\u00e7\u00e3o da UnB declarou por meio de nota oficial que j\u00e1 tem conhecimento dos fatos e orientou que epis\u00f3dios desta gravidade sejam repassados formalmente aos canais institucionais para que as devidas provid\u00eancias legais e administrativas sejam tomadas.<\/p>\n<p>Por Reda\u00e7\u00e3o Acontece<\/p>\n<p>Foto: Reprodu\u00e7\u00e3o \/ Redes sociais<\/p>\n","protected":false},"excerpt":{"rendered":"<p>Uma aluna da Universidade de Bras\u00edlia (UnB) recorreu \u00e0 pol\u00edcia ap\u00f3s ser alvo de persegui\u00e7\u00e3o e ter sua filha, uma beb\u00ea de apenas cinco meses, fotografada e filmada sem consentimento dentro do campus da Asa Norte, mobilizando autoridades e coletivos acad\u00eamicos. Primeira abordagem invasiva no campus O drama teve in\u00edcio na manh\u00e3 de uma quinta-feira, [&hellip;]<\/p>\n","protected":false},"author":0,"featured_media":34054,"comment_status":"open","ping_status":"open","sticky":false,"template":"","format":"standard","meta":{"footnotes":""},"categories":[6],"tags":[],"class_list":["post-34049","post","type-post","status-publish","format-standard","has-post-thumbnail","hentry","category-mercosul"],"_links":{"self":[{"href":"https:\/\/acontecenafronteira.com.br\/index.php\/wp-json\/wp\/v2\/posts\/34049","targetHints":{"allow":["GET"]}}],"collection":[{"href":"https:\/\/acontecenafronteira.com.br\/index.php\/wp-json\/wp\/v2\/posts"}],"about":[{"href":"https:\/\/acontecenafronteira.com.br\/index.php\/wp-json\/wp\/v2\/types\/post"}],"replies":[{"embeddable":true,"href":"https:\/\/acontecenafronteira.com.br\/index.php\/wp-json\/wp\/v2\/comments?post=34049"}],"version-history":[{"count":1,"href":"https:\/\/acontecenafronteira.com.br\/index.php\/wp-json\/wp\/v2\/posts\/34049\/revisions"}],"predecessor-version":[{"id":34053,"href":"https:\/\/acontecenafronteira.com.br\/index.php\/wp-json\/wp\/v2\/posts\/34049\/revisions\/34053"}],"wp:featuredmedia":[{"embeddable":true,"href":"https:\/\/acontecenafronteira.com.br\/index.php\/wp-json\/wp\/v2\/media\/34054"}],"wp:attachment":[{"href":"https:\/\/acontecenafronteira.com.br\/index.php\/wp-json\/wp\/v2\/media?parent=34049"}],"wp:term":[{"taxonomy":"category","embeddable":true,"href":"https:\/\/acontecenafronteira.com.br\/index.php\/wp-json\/wp\/v2\/categories?post=34049"},{"taxonomy":"post_tag","embeddable":true,"href":"https:\/\/acontecenafronteira.com.br\/index.php\/wp-json\/wp\/v2\/tags?post=34049"}],"curies":[{"name":"wp","href":"https:\/\/api.w.org\/{rel}","templated":true}]}}