{"id":34040,"date":"2026-09-02T19:37:29","date_gmt":"2026-09-02T22:37:29","guid":{"rendered":"https:\/\/acontecenafronteira.com.br\/?p=34040"},"modified":"2026-09-02T19:37:29","modified_gmt":"2026-09-02T22:37:29","slug":"flamengo-apresenta-reforcos-de-r-70-milhoes-no-maracana","status":"publish","type":"post","link":"https:\/\/acontecenafronteira.com.br\/index.php\/2026\/09\/02\/flamengo-apresenta-reforcos-de-r-70-milhoes-no-maracana\/","title":{"rendered":"Flamengo apresenta refor\u00e7os de R$ 70 milh\u00f5es no Maracan\u00e3"},"content":{"rendered":"<p>Novas caras no Ninho do Urubu, os atacantes Anthony Valencia e Joaqu\u00edn Freitas foram oficialmente apresentados \u00e0 Na\u00e7\u00e3o rubro-negra nesta quarta-feira. O evento ocorreu no gramado do Maracan\u00e3, momentos antes do confronto atrasado da quarta rodada do Campeonato Brasileiro contra o Mirassol.<\/p>\n<h2>Investimento milion\u00e1rio na janela de transfer\u00eancias<\/h2>\n<p>Os atletas chegaram \u00e0 capital fluminense durante o \u00faltimo fim de semana e tiveram seus nomes publicados oficialmente pelo clube na manh\u00e3 da v\u00e9spera. Com passagens r\u00e1pidas pelo centro de treinamento para testes e atividades f\u00edsicas, a dupla j\u00e1 integrou o elenco comandado pela comiss\u00e3o t\u00e9cnica. Para viabilizar a chegada dos gringos, o clube carioca desembolsou um total aproximado de <strong>R$ 70 milh\u00f5es<\/strong>. Durante a cerim\u00f4nia pr\u00e9-jogo, ambos mandaram um recado r\u00e1pido para os torcedores presentes atrav\u00e9s dos tel\u00f5es do est\u00e1dio.<\/p>\n<h2>Trajet\u00f3ria e n\u00fameros do ponta equatoriano<\/h2>\n<p>O primeiro atleta a ser anunciado oficialmente pelo clube foi o extremo Anthony Valencia. Com apenas 23 anos, o ponta-direita veio do futebol europeu, mais precisamente do Royal Antwerp, da B\u00e9lgica. A diretoria carioca investiu 5 milh\u00f5es de euros, o equivalente a cerca de <strong>R$ 30 milh\u00f5es<\/strong>, para assegurar a compra em definitivo. O v\u00ednculo assinado \u00e9 longo, v\u00e1lido por cinco temporadas, estendendo-se at\u00e9 o encerramento de 2031. No plantel atual, o estrangeiro herdar\u00e1 a hist\u00f3rica camisa 14, que pertencia ao meia Arrascaeta \u2014 agora utilizando a 10.<\/p>\n<h2>A promessa argentina do River Plate<\/h2>\n<p>Pouco tempo depois, a diretoria carioca confirmou a contrata\u00e7\u00e3o do jovem centroavante Joaqu\u00edn Freitas, de apenas 19 anos. Formado nas categorias de base do River Plate, o argentino custou 8 milh\u00f5es de d\u00f3lares aos cofres do clube, o que representa aproximadamente <strong>R$ 41 milh\u00f5es<\/strong> na cota\u00e7\u00e3o atual. Assim como seu novo colega de ataque, o jovem assinou um contrato v\u00e1lido por cinco anos, com t\u00e9rmino previsto para 2031, e vestir\u00e1 a camisa de n\u00famero 30.<\/p>\n<p>Visto como uma joia preciosa no futebol argentino, o centroavante j\u00e1 teve a oportunidade de defender a sele\u00e7\u00e3o principal de seu pa\u00eds. Inclusive, o novato dividiu o gramado com o craque Lionel Messi durante um amistoso disputado em junho deste ano.<\/p>\n<p>A chegada dos dois atletas coroa a movimenta\u00e7\u00e3o da diretoria no mercado da bola, buscando encorpar o elenco para a sequ\u00eancia decisiva da temporada e aumentando o leque de op\u00e7\u00f5es ofensivas para o treinador.<\/p>\n<p>Por Reda\u00e7\u00e3o Acontece<\/p>\n<p>Davi Ferreira<\/p>\n","protected":false},"excerpt":{"rendered":"<p>Novas caras no Ninho do Urubu, os atacantes Anthony Valencia e Joaqu\u00edn Freitas foram oficialmente apresentados \u00e0 Na\u00e7\u00e3o rubro-negra nesta quarta-feira. O evento ocorreu no gramado do Maracan\u00e3, momentos antes do confronto atrasado da quarta rodada do Campeonato Brasileiro contra o Mirassol. Investimento milion\u00e1rio na janela de transfer\u00eancias Os atletas chegaram \u00e0 capital fluminense durante [&hellip;]<\/p>\n","protected":false},"author":0,"featured_media":34048,"comment_status":"open","ping_status":"open","sticky":false,"template":"","format":"standard","meta":{"footnotes":""},"categories":[28],"tags":[],"class_list":["post-34040","post","type-post","status-publish","format-standard","has-post-thumbnail","hentry","category-mundo"],"_links":{"self":[{"href":"https:\/\/acontecenafronteira.com.br\/index.php\/wp-json\/wp\/v2\/posts\/34040","targetHints":{"allow":["GET"]}}],"collection":[{"href":"https:\/\/acontecenafronteira.com.br\/index.php\/wp-json\/wp\/v2\/posts"}],"about":[{"href":"https:\/\/acontecenafronteira.com.br\/index.php\/wp-json\/wp\/v2\/types\/post"}],"replies":[{"embeddable":true,"href":"https:\/\/acontecenafronteira.com.br\/index.php\/wp-json\/wp\/v2\/comments?post=34040"}],"version-history":[{"count":1,"href":"https:\/\/acontecenafronteira.com.br\/index.php\/wp-json\/wp\/v2\/posts\/34040\/revisions"}],"predecessor-version":[{"id":34047,"href":"https:\/\/acontecenafronteira.com.br\/index.php\/wp-json\/wp\/v2\/posts\/34040\/revisions\/34047"}],"wp:featuredmedia":[{"embeddable":true,"href":"https:\/\/acontecenafronteira.com.br\/index.php\/wp-json\/wp\/v2\/media\/34048"}],"wp:attachment":[{"href":"https:\/\/acontecenafronteira.com.br\/index.php\/wp-json\/wp\/v2\/media?parent=34040"}],"wp:term":[{"taxonomy":"category","embeddable":true,"href":"https:\/\/acontecenafronteira.com.br\/index.php\/wp-json\/wp\/v2\/categories?post=34040"},{"taxonomy":"post_tag","embeddable":true,"href":"https:\/\/acontecenafronteira.com.br\/index.php\/wp-json\/wp\/v2\/tags?post=34040"}],"curies":[{"name":"wp","href":"https:\/\/api.w.org\/{rel}","templated":true}]}}