{"id":34039,"date":"2026-09-02T19:37:23","date_gmt":"2026-09-02T22:37:23","guid":{"rendered":"https:\/\/acontecenafronteira.com.br\/?p=34039"},"modified":"2026-09-02T19:37:23","modified_gmt":"2026-09-02T22:37:23","slug":"stf-decide-a-favor-de-seguradoras-sobre-pis-cofins-em-reservas","status":"publish","type":"post","link":"https:\/\/acontecenafronteira.com.br\/index.php\/2026\/09\/02\/stf-decide-a-favor-de-seguradoras-sobre-pis-cofins-em-reservas\/","title":{"rendered":"STF decide a favor de seguradoras sobre PIS\/Cofins em reservas"},"content":{"rendered":"<p>O Supremo Tribunal Federal (STF) formou maioria para definir que o PIS e a Cofins n\u00e3o devem incidir sobre os rendimentos financeiros das reservas t\u00e9cnicas das seguradoras.<\/p>\n<h2>Impacto bilion\u00e1rio para os cofres p\u00fablicos<\/h2>\n<p>A decis\u00e3o representa uma derrota significativa para a equipe econ\u00f4mica do governo federal, com um impacto estimado em cerca de R$ 5,3 bilh\u00f5es. A tese defendida pelo setor empresarial assegurou seis votos favor\u00e1veis no plen\u00e1rio da Corte.<\/p>\n<p>O entendimento vitorioso foi liderado pelo relator da mat\u00e9ria, ministro Luiz Fux, superando a diverg\u00eancia aberta pelo ministro Alexandre de Moraes.<\/p>\n<h2>A natureza jur\u00eddica das reservas t\u00e9cnicas<\/h2>\n<p>Especialistas jur\u00eddicos apontam que a defini\u00e7\u00e3o estabelece um marco importante ao diferenciar receitas tribut\u00e1veis de recursos compuls\u00f3rios. O argumento central \u00e9 que o ganho financeiro obtido com essas aplica\u00e7\u00f5es n\u00e3o constitui a opera\u00e7\u00e3o principal da companhia.<\/p>\n<p>As seguradoras s\u00e3o legalmente obrigadas a reter e investir montantes expressivos, muitas vezes em t\u00edtulos p\u00fablicos, exclusivamente para assegurar o pagamento futuro de indeniza\u00e7\u00f5es aos clientes. Trata-se de uma imposi\u00e7\u00e3o regulat\u00f3ria e n\u00e3o de uma escolha comercial de investimento.<\/p>\n<h2>Repercuss\u00e3o no mercado financeiro<\/h2>\n<p>Representantes do setor produtivo comemoraram o entendimento do STF, destacando que a medida protege a estabilidade financeira necess\u00e1ria para a liquida\u00e7\u00e3o de sinistros. A Procuradoria-Geral da Fazenda Nacional optou por n\u00e3o se manifestar sobre o resultado do julgamento.<\/p>\n<p>Por Reda\u00e7\u00e3o Acontece<\/p>\n<p>Foto: Divulga\u00e7\u00e3o\/STF<\/p>\n","protected":false},"excerpt":{"rendered":"<p>O Supremo Tribunal Federal (STF) formou maioria para definir que o PIS e a Cofins n\u00e3o devem incidir sobre os rendimentos financeiros das reservas t\u00e9cnicas das seguradoras. Impacto bilion\u00e1rio para os cofres p\u00fablicos A decis\u00e3o representa uma derrota significativa para a equipe econ\u00f4mica do governo federal, com um impacto estimado em cerca de R$ 5,3 [&hellip;]<\/p>\n","protected":false},"author":0,"featured_media":34046,"comment_status":"open","ping_status":"open","sticky":false,"template":"","format":"standard","meta":{"footnotes":""},"categories":[28],"tags":[],"class_list":["post-34039","post","type-post","status-publish","format-standard","has-post-thumbnail","hentry","category-mundo"],"_links":{"self":[{"href":"https:\/\/acontecenafronteira.com.br\/index.php\/wp-json\/wp\/v2\/posts\/34039","targetHints":{"allow":["GET"]}}],"collection":[{"href":"https:\/\/acontecenafronteira.com.br\/index.php\/wp-json\/wp\/v2\/posts"}],"about":[{"href":"https:\/\/acontecenafronteira.com.br\/index.php\/wp-json\/wp\/v2\/types\/post"}],"replies":[{"embeddable":true,"href":"https:\/\/acontecenafronteira.com.br\/index.php\/wp-json\/wp\/v2\/comments?post=34039"}],"version-history":[{"count":1,"href":"https:\/\/acontecenafronteira.com.br\/index.php\/wp-json\/wp\/v2\/posts\/34039\/revisions"}],"predecessor-version":[{"id":34045,"href":"https:\/\/acontecenafronteira.com.br\/index.php\/wp-json\/wp\/v2\/posts\/34039\/revisions\/34045"}],"wp:featuredmedia":[{"embeddable":true,"href":"https:\/\/acontecenafronteira.com.br\/index.php\/wp-json\/wp\/v2\/media\/34046"}],"wp:attachment":[{"href":"https:\/\/acontecenafronteira.com.br\/index.php\/wp-json\/wp\/v2\/media?parent=34039"}],"wp:term":[{"taxonomy":"category","embeddable":true,"href":"https:\/\/acontecenafronteira.com.br\/index.php\/wp-json\/wp\/v2\/categories?post=34039"},{"taxonomy":"post_tag","embeddable":true,"href":"https:\/\/acontecenafronteira.com.br\/index.php\/wp-json\/wp\/v2\/tags?post=34039"}],"curies":[{"name":"wp","href":"https:\/\/api.w.org\/{rel}","templated":true}]}}