{"id":34028,"date":"2026-09-02T19:36:50","date_gmt":"2026-09-02T22:36:50","guid":{"rendered":"https:\/\/acontecenafronteira.com.br\/?p=34028"},"modified":"2026-09-02T19:36:50","modified_gmt":"2026-09-02T22:36:50","slug":"sus-nega-atendimento-a-criancas-atipicas-por-plano-de-saude","status":"publish","type":"post","link":"https:\/\/acontecenafronteira.com.br\/index.php\/2026\/09\/02\/sus-nega-atendimento-a-criancas-atipicas-por-plano-de-saude\/","title":{"rendered":"SUS nega atendimento a crian\u00e7as at\u00edpicas por plano de sa\u00fade"},"content":{"rendered":"<p>Uma den\u00fancia grave movimentou a sess\u00e3o ordin\u00e1ria da C\u00e2mara Municipal de Maring\u00e1 nesta ter\u00e7a-feira (1\u00ba). O vereador Lemuel Salvando Vidas (PDT) afirmou publicamente que o Sistema \u00danico de Sa\u00fade (SUS) teria recusado o atendimento a duas crian\u00e7as at\u00edpicas sob a justificativa de que a fam\u00edlia possui cobertura de plano de sa\u00fade privado.<\/p>\n<h2>O caso em Maring\u00e1<\/h2>\n<p>De acordo com o parlamentar, a m\u00e3e dos menores buscou aux\u00edlio na rede p\u00fablica de sa\u00fade, mas encontrou barreiras burocr\u00e1ticas e assistenciais. A negativa gerou forte repercuss\u00e3o e levanta debates sobre o acesso universal \u00e0 sa\u00fade p\u00fablica no munic\u00edpio paranaense.<\/p>\n<h3>Acesso universal versus cobertura privada<\/h3>\n<p>A situa\u00e7\u00e3o exp\u00f5e um impasse recorrente sobre os direitos de pacientes at\u00edpicos que dependem do suporte multidisciplinar. A legisla\u00e7\u00e3o brasileira garante que o SUS \u00e9 universal e deve atender a qualquer cidad\u00e3o, independentemente de possuir ou n\u00e3o conv\u00eanio m\u00e9dico particular.<\/p>\n<p>A den\u00fancia detalha que a recusa do servi\u00e7o b\u00e1sico de sa\u00fade coloca em risco o tratamento cont\u00ednuo de que os menores necessitam. Especialistas refor\u00e7am que a rede privada muitas vezes n\u00e3o cobre todas as terapias essenciais exigidas por diagn\u00f3sticos espec\u00edficos.<\/p>\n<p>A expectativa agora \u00e9 que os \u00f3rg\u00e3os competentes investiguem o caso em Maring\u00e1 para esclarecer os crit\u00e9rios adotados pela unidade de sa\u00fade e garantir que os direitos fundamentais das crian\u00e7as sejam plenamente respeitados.<\/p>\n<p>Por Reda\u00e7\u00e3o Acontece<\/p>\n<p>Cr\u00e9ditos da imagem: Divulga\u00e7\u00e3o \/ C\u00e2mara Municipal de Maring\u00e1<\/p>\n","protected":false},"excerpt":{"rendered":"<p>Uma den\u00fancia grave movimentou a sess\u00e3o ordin\u00e1ria da C\u00e2mara Municipal de Maring\u00e1 nesta ter\u00e7a-feira (1\u00ba). O vereador Lemuel Salvando Vidas (PDT) afirmou publicamente que o Sistema \u00danico de Sa\u00fade (SUS) teria recusado o atendimento a duas crian\u00e7as at\u00edpicas sob a justificativa de que a fam\u00edlia possui cobertura de plano de sa\u00fade privado. O caso em [&hellip;]<\/p>\n","protected":false},"author":0,"featured_media":34036,"comment_status":"open","ping_status":"open","sticky":false,"template":"","format":"standard","meta":{"footnotes":""},"categories":[18],"tags":[],"class_list":["post-34028","post","type-post","status-publish","format-standard","has-post-thumbnail","hentry","category-parana"],"_links":{"self":[{"href":"https:\/\/acontecenafronteira.com.br\/index.php\/wp-json\/wp\/v2\/posts\/34028","targetHints":{"allow":["GET"]}}],"collection":[{"href":"https:\/\/acontecenafronteira.com.br\/index.php\/wp-json\/wp\/v2\/posts"}],"about":[{"href":"https:\/\/acontecenafronteira.com.br\/index.php\/wp-json\/wp\/v2\/types\/post"}],"replies":[{"embeddable":true,"href":"https:\/\/acontecenafronteira.com.br\/index.php\/wp-json\/wp\/v2\/comments?post=34028"}],"version-history":[{"count":1,"href":"https:\/\/acontecenafronteira.com.br\/index.php\/wp-json\/wp\/v2\/posts\/34028\/revisions"}],"predecessor-version":[{"id":34035,"href":"https:\/\/acontecenafronteira.com.br\/index.php\/wp-json\/wp\/v2\/posts\/34028\/revisions\/34035"}],"wp:featuredmedia":[{"embeddable":true,"href":"https:\/\/acontecenafronteira.com.br\/index.php\/wp-json\/wp\/v2\/media\/34036"}],"wp:attachment":[{"href":"https:\/\/acontecenafronteira.com.br\/index.php\/wp-json\/wp\/v2\/media?parent=34028"}],"wp:term":[{"taxonomy":"category","embeddable":true,"href":"https:\/\/acontecenafronteira.com.br\/index.php\/wp-json\/wp\/v2\/categories?post=34028"},{"taxonomy":"post_tag","embeddable":true,"href":"https:\/\/acontecenafronteira.com.br\/index.php\/wp-json\/wp\/v2\/tags?post=34028"}],"curies":[{"name":"wp","href":"https:\/\/api.w.org\/{rel}","templated":true}]}}