{"id":34027,"date":"2026-09-02T19:36:46","date_gmt":"2026-09-02T22:36:46","guid":{"rendered":"https:\/\/acontecenafronteira.com.br\/?p=34027"},"modified":"2026-09-02T19:36:46","modified_gmt":"2026-09-02T22:36:46","slug":"tse-manda-eduardo-bolsonaro-apagar-posts-sobre-urnas","status":"publish","type":"post","link":"https:\/\/acontecenafronteira.com.br\/index.php\/2026\/09\/02\/tse-manda-eduardo-bolsonaro-apagar-posts-sobre-urnas\/","title":{"rendered":"TSE manda Eduardo Bolsonaro apagar posts sobre urnas"},"content":{"rendered":"<p>O Tribunal Superior Eleitoral (TSE) determinou a remo\u00e7\u00e3o imediata de postagens realizadas pelo ex-deputado federal Eduardo Bolsonaro em suas plataformas digitais. A ordem foi emitida pelo ministro Nunes Marques, que classificou o conte\u00fado como desinforma\u00e7\u00e3o a respeito do sistema de vota\u00e7\u00e3o brasileiro.<\/p>\n<h2>A decis\u00e3o da Corte Eleitoral<\/h2>\n<p>A determina\u00e7\u00e3o judicial atinge publica\u00e7\u00f5es espec\u00edficas em que o parlamentar questiona a confiabilidade e a transpar\u00eancia das urnas eletr\u00f4nicas utilizadas nas elei\u00e7\u00f5es do pa\u00eds.<\/p>\n<p>Para a c\u00fapula do tribunal, a circula\u00e7\u00e3o desse tipo de material nas redes sociais compromete a integridade do processo democr\u00e1tico e confunde o eleitorado com dados infundados sobre o funcionamento da apura\u00e7\u00e3o eletr\u00f4nica.<\/p>\n<h2>Consequ\u00eancias para o descumprimento<\/h2>\n<p>Al\u00e9m de exigir a exclus\u00e3o do material no prazo estipulado, a medida imp\u00f5e penalidades financeiras em caso de desobedi\u00eancia por parte do pol\u00edtico. A fiscaliza\u00e7\u00e3o do cumprimento da ordem ficar\u00e1 a cargo das pr\u00f3prias plataformas de tecnologia que hospedam os perfis do ex-deputado.<\/p>\n<p>O rigor da Justi\u00e7a Eleitoral tem se intensificado na tentativa de coibir a propaga\u00e7\u00e3o de fake news voltadas a desacreditar as institui\u00e7\u00f5es democr\u00e1ticas nacionais, especialmente no que tange ao voto eletr\u00f4nico, que j\u00e1 passou por diversas auditorias p\u00fablicas bem-sucedidas.<\/p>\n<p>A investida do TSE refor\u00e7a a postura firme do \u00f3rg\u00e3o regulador contra narrativas que tentam fragilizar a confian\u00e7a p\u00fablica nas elei\u00e7\u00f5es, mantendo o monitoramento constante sobre figuras p\u00fablicas influentes na internet.<\/p>\n<p>Por Reda\u00e7\u00e3o Acontece<\/p>\n<p>Cr\u00e9ditos da imagem: Divulga\u00e7\u00e3o \/ TSE<\/p>\n","protected":false},"excerpt":{"rendered":"<p>O Tribunal Superior Eleitoral (TSE) determinou a remo\u00e7\u00e3o imediata de postagens realizadas pelo ex-deputado federal Eduardo Bolsonaro em suas plataformas digitais. A ordem foi emitida pelo ministro Nunes Marques, que classificou o conte\u00fado como desinforma\u00e7\u00e3o a respeito do sistema de vota\u00e7\u00e3o brasileiro. A decis\u00e3o da Corte Eleitoral A determina\u00e7\u00e3o judicial atinge publica\u00e7\u00f5es espec\u00edficas em que [&hellip;]<\/p>\n","protected":false},"author":0,"featured_media":34034,"comment_status":"open","ping_status":"open","sticky":false,"template":"","format":"standard","meta":{"footnotes":""},"categories":[18],"tags":[],"class_list":["post-34027","post","type-post","status-publish","format-standard","has-post-thumbnail","hentry","category-parana"],"_links":{"self":[{"href":"https:\/\/acontecenafronteira.com.br\/index.php\/wp-json\/wp\/v2\/posts\/34027","targetHints":{"allow":["GET"]}}],"collection":[{"href":"https:\/\/acontecenafronteira.com.br\/index.php\/wp-json\/wp\/v2\/posts"}],"about":[{"href":"https:\/\/acontecenafronteira.com.br\/index.php\/wp-json\/wp\/v2\/types\/post"}],"replies":[{"embeddable":true,"href":"https:\/\/acontecenafronteira.com.br\/index.php\/wp-json\/wp\/v2\/comments?post=34027"}],"version-history":[{"count":1,"href":"https:\/\/acontecenafronteira.com.br\/index.php\/wp-json\/wp\/v2\/posts\/34027\/revisions"}],"predecessor-version":[{"id":34033,"href":"https:\/\/acontecenafronteira.com.br\/index.php\/wp-json\/wp\/v2\/posts\/34027\/revisions\/34033"}],"wp:featuredmedia":[{"embeddable":true,"href":"https:\/\/acontecenafronteira.com.br\/index.php\/wp-json\/wp\/v2\/media\/34034"}],"wp:attachment":[{"href":"https:\/\/acontecenafronteira.com.br\/index.php\/wp-json\/wp\/v2\/media?parent=34027"}],"wp:term":[{"taxonomy":"category","embeddable":true,"href":"https:\/\/acontecenafronteira.com.br\/index.php\/wp-json\/wp\/v2\/categories?post=34027"},{"taxonomy":"post_tag","embeddable":true,"href":"https:\/\/acontecenafronteira.com.br\/index.php\/wp-json\/wp\/v2\/tags?post=34027"}],"curies":[{"name":"wp","href":"https:\/\/api.w.org\/{rel}","templated":true}]}}