{"id":34026,"date":"2026-09-02T19:36:42","date_gmt":"2026-09-02T22:36:42","guid":{"rendered":"https:\/\/acontecenafronteira.com.br\/?p=34026"},"modified":"2026-09-02T19:36:42","modified_gmt":"2026-09-02T22:36:42","slug":"fim-da-taxa-das-blusinhas-comissao-aprova-isencao-de-20","status":"publish","type":"post","link":"https:\/\/acontecenafronteira.com.br\/index.php\/2026\/09\/02\/fim-da-taxa-das-blusinhas-comissao-aprova-isencao-de-20\/","title":{"rendered":"Fim da taxa das blusinhas: comiss\u00e3o aprova isen\u00e7\u00e3o de 20%"},"content":{"rendered":"<p>A comiss\u00e3o mista do Congresso Nacional respons\u00e1vel por analisar a medida provis\u00f3ria conhecida como a &#8220;taxa das blusinhas&#8221; aprovou, nesta quarta-feira (2), o texto que elimina a cobran\u00e7a do tributo federal sobre compras internacionais de at\u00e9 US$ 50.<\/p>\n<h2>Decis\u00e3o hist\u00f3rica no Congresso<\/h2>\n<p>A medida representa uma reviravolta importante nas regras de tributa\u00e7\u00e3o para o com\u00e9rcio eletr\u00f4nico estrangeiro, beneficiando diretamente os consumidores brasileiros que adquirem produtos de baixo valor em plataformas internacionais.<\/p>\n<h2>Impacto nas compras internacionais<\/h2>\n<p>At\u00e9 ent\u00e3o, as importa\u00e7\u00f5es de at\u00e9 US$ 50 enfrentavam uma taxa\u00e7\u00e3o federal de 20%, gerando debates intensos entre o setor varejista nacional e os defensores do livre consumo digital.<\/p>\n<p>O avan\u00e7o da proposta no Poder Legislativo sinaliza uma nova dire\u00e7\u00e3o para a regulamenta\u00e7\u00e3o das encomendas vindas de fora do pa\u00eds, embora o texto ainda precise passar por etapas adicionais de vota\u00e7\u00e3o.<\/p>\n<p>Novas discuss\u00f5es devem ocorrer nas pr\u00f3ximas semanas para definir o futuro da taxa\u00e7\u00e3o e seu impacto na economia brasileira.<\/p>\n<p>Por Reda\u00e7\u00e3o Acontece<\/p>\n<p>Cr\u00e9ditos da imagem: Divulga\u00e7\u00e3o \/ Ag\u00eancia Senado<\/p>\n","protected":false},"excerpt":{"rendered":"<p>A comiss\u00e3o mista do Congresso Nacional respons\u00e1vel por analisar a medida provis\u00f3ria conhecida como a &#8220;taxa das blusinhas&#8221; aprovou, nesta quarta-feira (2), o texto que elimina a cobran\u00e7a do tributo federal sobre compras internacionais de at\u00e9 US$ 50. Decis\u00e3o hist\u00f3rica no Congresso A medida representa uma reviravolta importante nas regras de tributa\u00e7\u00e3o para o com\u00e9rcio [&hellip;]<\/p>\n","protected":false},"author":0,"featured_media":34032,"comment_status":"open","ping_status":"open","sticky":false,"template":"","format":"standard","meta":{"footnotes":""},"categories":[18],"tags":[],"class_list":["post-34026","post","type-post","status-publish","format-standard","has-post-thumbnail","hentry","category-parana"],"_links":{"self":[{"href":"https:\/\/acontecenafronteira.com.br\/index.php\/wp-json\/wp\/v2\/posts\/34026","targetHints":{"allow":["GET"]}}],"collection":[{"href":"https:\/\/acontecenafronteira.com.br\/index.php\/wp-json\/wp\/v2\/posts"}],"about":[{"href":"https:\/\/acontecenafronteira.com.br\/index.php\/wp-json\/wp\/v2\/types\/post"}],"replies":[{"embeddable":true,"href":"https:\/\/acontecenafronteira.com.br\/index.php\/wp-json\/wp\/v2\/comments?post=34026"}],"version-history":[{"count":1,"href":"https:\/\/acontecenafronteira.com.br\/index.php\/wp-json\/wp\/v2\/posts\/34026\/revisions"}],"predecessor-version":[{"id":34031,"href":"https:\/\/acontecenafronteira.com.br\/index.php\/wp-json\/wp\/v2\/posts\/34026\/revisions\/34031"}],"wp:featuredmedia":[{"embeddable":true,"href":"https:\/\/acontecenafronteira.com.br\/index.php\/wp-json\/wp\/v2\/media\/34032"}],"wp:attachment":[{"href":"https:\/\/acontecenafronteira.com.br\/index.php\/wp-json\/wp\/v2\/media?parent=34026"}],"wp:term":[{"taxonomy":"category","embeddable":true,"href":"https:\/\/acontecenafronteira.com.br\/index.php\/wp-json\/wp\/v2\/categories?post=34026"},{"taxonomy":"post_tag","embeddable":true,"href":"https:\/\/acontecenafronteira.com.br\/index.php\/wp-json\/wp\/v2\/tags?post=34026"}],"curies":[{"name":"wp","href":"https:\/\/api.w.org\/{rel}","templated":true}]}}