{"id":34025,"date":"2026-09-02T19:36:38","date_gmt":"2026-09-02T22:36:38","guid":{"rendered":"https:\/\/acontecenafronteira.com.br\/?p=34025"},"modified":"2026-09-02T19:36:38","modified_gmt":"2026-09-02T22:36:38","slug":"ex-assessor-de-sandro-alex-negocia-devolver-r-162-mil","status":"publish","type":"post","link":"https:\/\/acontecenafronteira.com.br\/index.php\/2026\/09\/02\/ex-assessor-de-sandro-alex-negocia-devolver-r-162-mil\/","title":{"rendered":"Ex-assessor de Sandro Alex negocia devolver R$ 162 mil"},"content":{"rendered":"<p>Um antigo colaborador do deputado estadual Sandro Alex est\u00e1 em fase de negocia\u00e7\u00e3o com o Minist\u00e9rio P\u00fablico do Paran\u00e1 para efetuar a devolu\u00e7\u00e3o de R$ 162 mil aos cofres da Companhia de Tecnologia da Informa\u00e7\u00e3o e Comunica\u00e7\u00e3o do Paran\u00e1 (Celepar). O caso veio \u00e0 tona ap\u00f3s investiga\u00e7\u00f5es conduzidas pelo \u00f3rg\u00e3o ministerial apontarem irregularidades envolvendo repasses financeiros.<\/p>\n<h2>Investiga\u00e7\u00e3o do Minist\u00e9rio P\u00fablico do Paran\u00e1<\/h2>\n<p>As apura\u00e7\u00f5es do MPPR revelam que o montante em quest\u00e3o \u00e9 fruto de transa\u00e7\u00f5es suspeitas detectadas durante o per\u00edodo em que o investigado mantinha v\u00ednculo com o gabinete do parlamentar. A Celepar foi utilizada como eixo central nas apura\u00e7\u00f5es que agora caminham para um desfecho de acordo de ressarcimento ao er\u00e1rio p\u00fablico.<\/p>\n<h2>Impacto pol\u00edtico e articula\u00e7\u00f5es no estado<\/h2>\n<p>O epis\u00f3dio ganha relev\u00e2ncia no cen\u00e1rio pol\u00edtico paranaense, uma vez que Sandro Alex \u00e9 um nome cotado e apoiado pelo governador Ratinho Junior para disputar o comando do estado pelo PSD. A defesa do ex-assessor busca formalizar os termos da restitui\u00e7\u00e3o para encerrar a etapa investigativa na esfera c\u00edvel.<\/p>\n<p>Paralelamente aos entendimentos com a Justi\u00e7a, o caso segue sob o escrut\u00ednio das autoridades competentes para avaliar se houve a participa\u00e7\u00e3o de outros agentes p\u00fablicos ou servidores no esquema investigado pelo Minist\u00e9rio P\u00fablico estadual.<\/p>\n<p>Por Reda\u00e7\u00e3o Acontece<\/p>\n<p>Cr\u00e9ditos da imagem: Divulga\u00e7\u00e3o\/MPPR<\/p>\n","protected":false},"excerpt":{"rendered":"<p>Um antigo colaborador do deputado estadual Sandro Alex est\u00e1 em fase de negocia\u00e7\u00e3o com o Minist\u00e9rio P\u00fablico do Paran\u00e1 para efetuar a devolu\u00e7\u00e3o de R$ 162 mil aos cofres da Companhia de Tecnologia da Informa\u00e7\u00e3o e Comunica\u00e7\u00e3o do Paran\u00e1 (Celepar). O caso veio \u00e0 tona ap\u00f3s investiga\u00e7\u00f5es conduzidas pelo \u00f3rg\u00e3o ministerial apontarem irregularidades envolvendo repasses [&hellip;]<\/p>\n","protected":false},"author":0,"featured_media":34030,"comment_status":"open","ping_status":"open","sticky":false,"template":"","format":"standard","meta":{"footnotes":""},"categories":[18],"tags":[],"class_list":["post-34025","post","type-post","status-publish","format-standard","has-post-thumbnail","hentry","category-parana"],"_links":{"self":[{"href":"https:\/\/acontecenafronteira.com.br\/index.php\/wp-json\/wp\/v2\/posts\/34025","targetHints":{"allow":["GET"]}}],"collection":[{"href":"https:\/\/acontecenafronteira.com.br\/index.php\/wp-json\/wp\/v2\/posts"}],"about":[{"href":"https:\/\/acontecenafronteira.com.br\/index.php\/wp-json\/wp\/v2\/types\/post"}],"replies":[{"embeddable":true,"href":"https:\/\/acontecenafronteira.com.br\/index.php\/wp-json\/wp\/v2\/comments?post=34025"}],"version-history":[{"count":1,"href":"https:\/\/acontecenafronteira.com.br\/index.php\/wp-json\/wp\/v2\/posts\/34025\/revisions"}],"predecessor-version":[{"id":34029,"href":"https:\/\/acontecenafronteira.com.br\/index.php\/wp-json\/wp\/v2\/posts\/34025\/revisions\/34029"}],"wp:featuredmedia":[{"embeddable":true,"href":"https:\/\/acontecenafronteira.com.br\/index.php\/wp-json\/wp\/v2\/media\/34030"}],"wp:attachment":[{"href":"https:\/\/acontecenafronteira.com.br\/index.php\/wp-json\/wp\/v2\/media?parent=34025"}],"wp:term":[{"taxonomy":"category","embeddable":true,"href":"https:\/\/acontecenafronteira.com.br\/index.php\/wp-json\/wp\/v2\/categories?post=34025"},{"taxonomy":"post_tag","embeddable":true,"href":"https:\/\/acontecenafronteira.com.br\/index.php\/wp-json\/wp\/v2\/tags?post=34025"}],"curies":[{"name":"wp","href":"https:\/\/api.w.org\/{rel}","templated":true}]}}