{"id":34016,"date":"2026-09-02T19:36:16","date_gmt":"2026-09-02T22:36:16","guid":{"rendered":"https:\/\/acontecenafronteira.com.br\/?p=34016"},"modified":"2026-09-02T19:36:16","modified_gmt":"2026-09-02T22:36:16","slug":"cataratas-do-iguacu-atingem-vazao-impressionante-de-83-milhoes-de-litros","status":"publish","type":"post","link":"https:\/\/acontecenafronteira.com.br\/index.php\/2026\/09\/02\/cataratas-do-iguacu-atingem-vazao-impressionante-de-83-milhoes-de-litros\/","title":{"rendered":"Cataratas do Igua\u00e7u atingem vaz\u00e3o impressionante de 8,3 milh\u00f5es de litros"},"content":{"rendered":"<p>As tradicionais Cataratas do Igua\u00e7u surpreenderam turistas e moradores ao atingirem uma marca impressionante de 8,3 milh\u00f5es de litros de \u00e1gua por segundo, impulsionadas pelo recente volume de chuvas na regi\u00e3o.<\/p>\n<h2>Impacto das chuvas na bacia do Rio Igua\u00e7u<\/h2>\n<p>O temporal registrado ao longo da bacia hidrogr\u00e1fica foi o principal respons\u00e1vel por elevar o n\u00edvel das quedas d&#8217;\u00e1gua a patamares extraordin\u00e1rios, superando em cinco vezes o fluxo considerado normal para esta \u00e9poca do ano.<\/p>\n<h2>Seguran\u00e7a e visita\u00e7\u00e3o no Parque Nacional do Igua\u00e7u<\/h2>\n<p>Apesar da for\u00e7a colossal das \u00e1guas, a administra\u00e7\u00e3o do Parque Nacional do Igua\u00e7u confirmou que a estrutura tur\u00edstica permanece totalmente segura e operacional para receber o p\u00fablico.<\/p>\n<p>Todas as passarelas de observa\u00e7\u00e3o e os passeios tur\u00edsticos continuam abertos normalmente, permitindo que visitantes de diversas partes do mundo testemunhem de perto esse espet\u00e1culo natural grandioso.<\/p>\n<p>O fen\u00f4meno refor\u00e7a a impon\u00eancia de um dos principais cart\u00f5es-postais do Brasil, atraindo centenas de entusiastas da natureza fascinados pela grandiosidade das quedas.<\/p>\n<p>Por Reda\u00e7\u00e3o Acontece<\/p>\n<p>Cr\u00e9ditos da imagem: Divulga\u00e7\u00e3o \/ Parque Nacional do Igua\u00e7u<\/p>\n","protected":false},"excerpt":{"rendered":"<p>As tradicionais Cataratas do Igua\u00e7u surpreenderam turistas e moradores ao atingirem uma marca impressionante de 8,3 milh\u00f5es de litros de \u00e1gua por segundo, impulsionadas pelo recente volume de chuvas na regi\u00e3o. Impacto das chuvas na bacia do Rio Igua\u00e7u O temporal registrado ao longo da bacia hidrogr\u00e1fica foi o principal respons\u00e1vel por elevar o n\u00edvel [&hellip;]<\/p>\n","protected":false},"author":0,"featured_media":34020,"comment_status":"open","ping_status":"open","sticky":false,"template":"","format":"standard","meta":{"footnotes":""},"categories":[4],"tags":[],"class_list":["post-34016","post","type-post","status-publish","format-standard","has-post-thumbnail","hentry","category-cidade"],"_links":{"self":[{"href":"https:\/\/acontecenafronteira.com.br\/index.php\/wp-json\/wp\/v2\/posts\/34016","targetHints":{"allow":["GET"]}}],"collection":[{"href":"https:\/\/acontecenafronteira.com.br\/index.php\/wp-json\/wp\/v2\/posts"}],"about":[{"href":"https:\/\/acontecenafronteira.com.br\/index.php\/wp-json\/wp\/v2\/types\/post"}],"replies":[{"embeddable":true,"href":"https:\/\/acontecenafronteira.com.br\/index.php\/wp-json\/wp\/v2\/comments?post=34016"}],"version-history":[{"count":1,"href":"https:\/\/acontecenafronteira.com.br\/index.php\/wp-json\/wp\/v2\/posts\/34016\/revisions"}],"predecessor-version":[{"id":34019,"href":"https:\/\/acontecenafronteira.com.br\/index.php\/wp-json\/wp\/v2\/posts\/34016\/revisions\/34019"}],"wp:featuredmedia":[{"embeddable":true,"href":"https:\/\/acontecenafronteira.com.br\/index.php\/wp-json\/wp\/v2\/media\/34020"}],"wp:attachment":[{"href":"https:\/\/acontecenafronteira.com.br\/index.php\/wp-json\/wp\/v2\/media?parent=34016"}],"wp:term":[{"taxonomy":"category","embeddable":true,"href":"https:\/\/acontecenafronteira.com.br\/index.php\/wp-json\/wp\/v2\/categories?post=34016"},{"taxonomy":"post_tag","embeddable":true,"href":"https:\/\/acontecenafronteira.com.br\/index.php\/wp-json\/wp\/v2\/tags?post=34016"}],"curies":[{"name":"wp","href":"https:\/\/api.w.org\/{rel}","templated":true}]}}