{"id":34015,"date":"2026-09-02T19:36:08","date_gmt":"2026-09-02T22:36:08","guid":{"rendered":"https:\/\/acontecenafronteira.com.br\/?p=34015"},"modified":"2026-09-02T19:36:08","modified_gmt":"2026-09-02T22:36:08","slug":"rafain-churrascaria-show-abre-vaga-para-bailarinos-em-foz","status":"publish","type":"post","link":"https:\/\/acontecenafronteira.com.br\/index.php\/2026\/09\/02\/rafain-churrascaria-show-abre-vaga-para-bailarinos-em-foz\/","title":{"rendered":"Rafain Churrascaria Show abre vaga para bailarinos em Foz"},"content":{"rendered":"<p>Com uma trajet\u00f3ria de 45 anos na fronteira, o tradicional espet\u00e1culo da Rafain Churrascaria Show passa por uma profunda reformula\u00e7\u00e3o art\u00edstica e est\u00e1 com inscri\u00e7\u00f5es abertas para selecionar novos talentos da dan\u00e7a na regi\u00e3o de Foz do Igua\u00e7u.<\/p>\n<h2>Nova dire\u00e7\u00e3o art\u00edstica agita o cen\u00e1rio cultural<\/h2>\n<p>Sob o comando de uma nova dire\u00e7\u00e3o art\u00edstica rec\u00e9m-chegada do Rio de Janeiro, a produ\u00e7\u00e3o busca renovar o elenco de bailarinos para as pr\u00f3ximas temporadas, prometendo trazer um frescor est\u00e9tico para o palco que celebra a cultura latino-americana.<\/p>\n<h2>Oportunidade para profissionais da dan\u00e7a<\/h2>\n<p>A iniciativa representa uma chance \u00fanica para artistas locais integrarem um dos palcos mais movimentados do turismo paranaense, conhecido por misturar gastronomia t\u00edpica e exibi\u00e7\u00f5es folcl\u00f3ricas.<\/p>\n<p>Os interessados em participar do processo seletivo devem acompanhar os canais oficiais do estabelecimento para conferir os requisitos necess\u00e1rios e as datas das audi\u00e7\u00f5es presenciais.<\/p>\n<p>Com essa renova\u00e7\u00e3o, o espet\u00e1culo reafirma seu compromisso de manter viva a tradi\u00e7\u00e3o cultural na Tr\u00edplice Fronteira, unindo a experi\u00eancia acumulada ao longo de quatro d\u00e9cadas e meia com novas linguagens c\u00eanicas trazidas pelo refor\u00e7o carioca.<\/p>\n<p>Por Reda\u00e7\u00e3o Acontece<\/p>\n<p>Cr\u00e9ditos da imagem: Divulga\u00e7\u00e3o\/Rafain Churrascaria Show<\/p>\n","protected":false},"excerpt":{"rendered":"<p>Com uma trajet\u00f3ria de 45 anos na fronteira, o tradicional espet\u00e1culo da Rafain Churrascaria Show passa por uma profunda reformula\u00e7\u00e3o art\u00edstica e est\u00e1 com inscri\u00e7\u00f5es abertas para selecionar novos talentos da dan\u00e7a na regi\u00e3o de Foz do Igua\u00e7u. Nova dire\u00e7\u00e3o art\u00edstica agita o cen\u00e1rio cultural Sob o comando de uma nova dire\u00e7\u00e3o art\u00edstica rec\u00e9m-chegada do [&hellip;]<\/p>\n","protected":false},"author":0,"featured_media":34018,"comment_status":"open","ping_status":"open","sticky":false,"template":"","format":"standard","meta":{"footnotes":""},"categories":[4],"tags":[],"class_list":["post-34015","post","type-post","status-publish","format-standard","has-post-thumbnail","hentry","category-cidade"],"_links":{"self":[{"href":"https:\/\/acontecenafronteira.com.br\/index.php\/wp-json\/wp\/v2\/posts\/34015","targetHints":{"allow":["GET"]}}],"collection":[{"href":"https:\/\/acontecenafronteira.com.br\/index.php\/wp-json\/wp\/v2\/posts"}],"about":[{"href":"https:\/\/acontecenafronteira.com.br\/index.php\/wp-json\/wp\/v2\/types\/post"}],"replies":[{"embeddable":true,"href":"https:\/\/acontecenafronteira.com.br\/index.php\/wp-json\/wp\/v2\/comments?post=34015"}],"version-history":[{"count":1,"href":"https:\/\/acontecenafronteira.com.br\/index.php\/wp-json\/wp\/v2\/posts\/34015\/revisions"}],"predecessor-version":[{"id":34017,"href":"https:\/\/acontecenafronteira.com.br\/index.php\/wp-json\/wp\/v2\/posts\/34015\/revisions\/34017"}],"wp:featuredmedia":[{"embeddable":true,"href":"https:\/\/acontecenafronteira.com.br\/index.php\/wp-json\/wp\/v2\/media\/34018"}],"wp:attachment":[{"href":"https:\/\/acontecenafronteira.com.br\/index.php\/wp-json\/wp\/v2\/media?parent=34015"}],"wp:term":[{"taxonomy":"category","embeddable":true,"href":"https:\/\/acontecenafronteira.com.br\/index.php\/wp-json\/wp\/v2\/categories?post=34015"},{"taxonomy":"post_tag","embeddable":true,"href":"https:\/\/acontecenafronteira.com.br\/index.php\/wp-json\/wp\/v2\/tags?post=34015"}],"curies":[{"name":"wp","href":"https:\/\/api.w.org\/{rel}","templated":true}]}}