{"id":33997,"date":"2026-09-02T18:37:23","date_gmt":"2026-09-02T21:37:23","guid":{"rendered":"https:\/\/acontecenafronteira.com.br\/?p=33997"},"modified":"2026-09-02T18:37:23","modified_gmt":"2026-09-02T21:37:23","slug":"oeste-do-parana-recebe-r-3118-milhoes-na-rede-eletrica","status":"publish","type":"post","link":"https:\/\/acontecenafronteira.com.br\/index.php\/2026\/09\/02\/oeste-do-parana-recebe-r-3118-milhoes-na-rede-eletrica\/","title":{"rendered":"Oeste do Paran\u00e1 recebe R$ 311,8 milh\u00f5es na rede el\u00e9trica"},"content":{"rendered":"<p>A infraestrutura energ\u00e9tica do Oeste do Paran\u00e1 est\u00e1 recebendo um aporte financeiro hist\u00f3rico de <strong>R$ 311,8 milh\u00f5es<\/strong> voltado para a moderniza\u00e7\u00e3o e amplia\u00e7\u00e3o do sistema de distribui\u00e7\u00e3o na regi\u00e3o.<\/p>\n<h2>Crescimento econ\u00f4mico impulsiona demanda<\/h2>\n<p>O avan\u00e7o socioecon\u00f4mico acelerado dos munic\u00edpios locais gerou um salto expressivo na exig\u00eancia por eletricidade de alta confiabilidade. A expans\u00e3o do agroneg\u00f3cio e a industrializa\u00e7\u00e3o demandam uma infraestrutura robusta para evitar interrup\u00e7\u00f5es e sustentar o desenvolvimento produtivo.<\/p>\n<h2>Obras e moderniza\u00e7\u00e3o tecnol\u00f3gica<\/h2>\n<p>O montante bilion\u00e1rio viabiliza a constru\u00e7\u00e3o de novas subesta\u00e7\u00f5es, a implanta\u00e7\u00e3o de linhas de alta tens\u00e3o e a substitui\u00e7\u00e3o de equipamentos antigos por tecnologias mais eficientes. O plano visa automatizar a rede para que falhas sejam identificadas e corrigidas com maior rapidez.<\/p>\n<h2>Impacto direto para os consumidores<\/h2>\n<p>Com a conclus\u00e3o das interven\u00e7\u00f5es programadas, moradores urbanos e rurais contar\u00e3o com um servi\u00e7o mais est\u00e1vel. A redu\u00e7\u00e3o das quedas de energia e a maior capacidade de carga beneficiam diretamente resid\u00eancias, com\u00e9rcios e ind\u00fastrias locais.<\/p>\n<p>Essas a\u00e7\u00f5es consolidam a regi\u00e3o como um dos polos mais din\u00e2micos do estado, garantindo seguran\u00e7a energ\u00e9tica para os pr\u00f3ximos anos e preparando o territ\u00f3rio para novos ciclos de crescimento.<\/p>\n<p>Por Reda\u00e7\u00e3o Acontece<\/p>\n<p>Imagem: Divulga\u00e7\u00e3o\/Energia<\/p>\n","protected":false},"excerpt":{"rendered":"<p>A infraestrutura energ\u00e9tica do Oeste do Paran\u00e1 est\u00e1 recebendo um aporte financeiro hist\u00f3rico de R$ 311,8 milh\u00f5es voltado para a moderniza\u00e7\u00e3o e amplia\u00e7\u00e3o do sistema de distribui\u00e7\u00e3o na regi\u00e3o. Crescimento econ\u00f4mico impulsiona demanda O avan\u00e7o socioecon\u00f4mico acelerado dos munic\u00edpios locais gerou um salto expressivo na exig\u00eancia por eletricidade de alta confiabilidade. A expans\u00e3o do agroneg\u00f3cio [&hellip;]<\/p>\n","protected":false},"author":0,"featured_media":34003,"comment_status":"open","ping_status":"open","sticky":false,"template":"","format":"standard","meta":{"footnotes":""},"categories":[18],"tags":[],"class_list":["post-33997","post","type-post","status-publish","format-standard","has-post-thumbnail","hentry","category-parana"],"_links":{"self":[{"href":"https:\/\/acontecenafronteira.com.br\/index.php\/wp-json\/wp\/v2\/posts\/33997","targetHints":{"allow":["GET"]}}],"collection":[{"href":"https:\/\/acontecenafronteira.com.br\/index.php\/wp-json\/wp\/v2\/posts"}],"about":[{"href":"https:\/\/acontecenafronteira.com.br\/index.php\/wp-json\/wp\/v2\/types\/post"}],"replies":[{"embeddable":true,"href":"https:\/\/acontecenafronteira.com.br\/index.php\/wp-json\/wp\/v2\/comments?post=33997"}],"version-history":[{"count":1,"href":"https:\/\/acontecenafronteira.com.br\/index.php\/wp-json\/wp\/v2\/posts\/33997\/revisions"}],"predecessor-version":[{"id":34002,"href":"https:\/\/acontecenafronteira.com.br\/index.php\/wp-json\/wp\/v2\/posts\/33997\/revisions\/34002"}],"wp:featuredmedia":[{"embeddable":true,"href":"https:\/\/acontecenafronteira.com.br\/index.php\/wp-json\/wp\/v2\/media\/34003"}],"wp:attachment":[{"href":"https:\/\/acontecenafronteira.com.br\/index.php\/wp-json\/wp\/v2\/media?parent=33997"}],"wp:term":[{"taxonomy":"category","embeddable":true,"href":"https:\/\/acontecenafronteira.com.br\/index.php\/wp-json\/wp\/v2\/categories?post=33997"},{"taxonomy":"post_tag","embeddable":true,"href":"https:\/\/acontecenafronteira.com.br\/index.php\/wp-json\/wp\/v2\/tags?post=33997"}],"curies":[{"name":"wp","href":"https:\/\/api.w.org\/{rel}","templated":true}]}}