{"id":33996,"date":"2026-09-02T18:37:20","date_gmt":"2026-09-02T21:37:20","guid":{"rendered":"https:\/\/acontecenafronteira.com.br\/?p=33996"},"modified":"2026-09-02T18:37:20","modified_gmt":"2026-09-02T21:37:20","slug":"eleicoes-no-parana-o-contraste-entre-discurso-e-pratica","status":"publish","type":"post","link":"https:\/\/acontecenafronteira.com.br\/index.php\/2026\/09\/02\/eleicoes-no-parana-o-contraste-entre-discurso-e-pratica\/","title":{"rendered":"Elei\u00e7\u00f5es no Paran\u00e1: o contraste entre discurso e pr\u00e1tica"},"content":{"rendered":"<p>O cen\u00e1rio pol\u00edtico paranaense volta a ser palco de intensas discuss\u00f5es com a proximidade de mais um pleito estadual. A cada quatro anos, o eleitorado se depara com uma enxurrada de promessas e alian\u00e7as estrat\u00e9gicas que prometem transformar a realidade local.<\/p>\n<h2>A promessa de soberania em debate<\/h2>\n<p>No centro das discuss\u00f5es, o conceito de <strong>soberania estadual<\/strong> \u00e9 frequentemente utilizado por candidatos de diferentes matizes ideol\u00f3gicos. Esse termo ressoa fortemente entre os eleitores que buscam valorizar os recursos e a autonomia do estado frente ao cen\u00e1rio nacional.<\/p>\n<h3>O avan\u00e7o das privatiza\u00e7\u00f5es<\/h3>\n<p>Por outro lado, a an\u00e1lise hist\u00f3rica e recente revela um movimento constante em dire\u00e7\u00e3o \u00e0 <strong>desestatiza\u00e7\u00e3o de servi\u00e7os essenciais<\/strong>. Essa dualidade entre o discurso de prote\u00e7\u00e3o patrimonial e a efetiva entrega de setores estrat\u00e9gicos \u00e0 iniciativa privada gera debates acalorados sobre a real coer\u00eancia dos gestores p\u00fablicos.<\/p>\n<h2>Impactos na economia local<\/h2>\n<p>Especialistas apontam que a venda de estatais e a concess\u00e3o de rodovias e infraestrutura alteram significativamente a din\u00e2mica econ\u00f4mica do Paran\u00e1. Enquanto defensores apontam maior efici\u00eancia, cr\u00edticos alertam para riscos sociais e a perda de controle sobre monop\u00f3lios naturais.<\/p>\n<p>O desafio do eleitor reside em filtrar o conte\u00fado das campanhas eleitorais, separando o marketing pol\u00edtico das consequ\u00eancias pr\u00e1ticas que moldar\u00e3o o futuro do estado nas pr\u00f3ximas d\u00e9cadas.<\/p>\n<p>Por Reda\u00e7\u00e3o Acontece<\/p>\n<p>Foto: Divulga\u00e7\u00e3o \/ Campanha Eleitoral<\/p>\n","protected":false},"excerpt":{"rendered":"<p>O cen\u00e1rio pol\u00edtico paranaense volta a ser palco de intensas discuss\u00f5es com a proximidade de mais um pleito estadual. A cada quatro anos, o eleitorado se depara com uma enxurrada de promessas e alian\u00e7as estrat\u00e9gicas que prometem transformar a realidade local. A promessa de soberania em debate No centro das discuss\u00f5es, o conceito de soberania [&hellip;]<\/p>\n","protected":false},"author":0,"featured_media":34001,"comment_status":"open","ping_status":"open","sticky":false,"template":"","format":"standard","meta":{"footnotes":""},"categories":[18],"tags":[],"class_list":["post-33996","post","type-post","status-publish","format-standard","has-post-thumbnail","hentry","category-parana"],"_links":{"self":[{"href":"https:\/\/acontecenafronteira.com.br\/index.php\/wp-json\/wp\/v2\/posts\/33996","targetHints":{"allow":["GET"]}}],"collection":[{"href":"https:\/\/acontecenafronteira.com.br\/index.php\/wp-json\/wp\/v2\/posts"}],"about":[{"href":"https:\/\/acontecenafronteira.com.br\/index.php\/wp-json\/wp\/v2\/types\/post"}],"replies":[{"embeddable":true,"href":"https:\/\/acontecenafronteira.com.br\/index.php\/wp-json\/wp\/v2\/comments?post=33996"}],"version-history":[{"count":1,"href":"https:\/\/acontecenafronteira.com.br\/index.php\/wp-json\/wp\/v2\/posts\/33996\/revisions"}],"predecessor-version":[{"id":34000,"href":"https:\/\/acontecenafronteira.com.br\/index.php\/wp-json\/wp\/v2\/posts\/33996\/revisions\/34000"}],"wp:featuredmedia":[{"embeddable":true,"href":"https:\/\/acontecenafronteira.com.br\/index.php\/wp-json\/wp\/v2\/media\/34001"}],"wp:attachment":[{"href":"https:\/\/acontecenafronteira.com.br\/index.php\/wp-json\/wp\/v2\/media?parent=33996"}],"wp:term":[{"taxonomy":"category","embeddable":true,"href":"https:\/\/acontecenafronteira.com.br\/index.php\/wp-json\/wp\/v2\/categories?post=33996"},{"taxonomy":"post_tag","embeddable":true,"href":"https:\/\/acontecenafronteira.com.br\/index.php\/wp-json\/wp\/v2\/tags?post=33996"}],"curies":[{"name":"wp","href":"https:\/\/api.w.org\/{rel}","templated":true}]}}