{"id":33977,"date":"2026-09-02T17:37:45","date_gmt":"2026-09-02T20:37:45","guid":{"rendered":"https:\/\/acontecenafronteira.com.br\/?p=33977"},"modified":"2026-09-02T17:37:45","modified_gmt":"2026-09-02T20:37:45","slug":"lula-e-janja-recebem-leonardo-dicaprio-no-planalto-para-falar-de-clima","status":"publish","type":"post","link":"https:\/\/acontecenafronteira.com.br\/index.php\/2026\/09\/02\/lula-e-janja-recebem-leonardo-dicaprio-no-planalto-para-falar-de-clima\/","title":{"rendered":"Lula e Janja recebem Leonardo DiCaprio no Planalto para falar de clima"},"content":{"rendered":"<p>O presidente Luiz In\u00e1cio Lula da Silva e a primeira-dama Ros\u00e2ngela Lula da Silva, a Janja, receberam o ator e ativista ambiental Leonardo DiCaprio no Pal\u00e1cio do Planalto, em Bras\u00edlia, durante a tarde da \u00faltima quarta-feira (2\/9).<\/p>\n<h2>Encontro focado na sustentabilidade<\/h2>\n<p>A reuni\u00e3o teve dura\u00e7\u00e3o aproximada de uma hora e contou com a participa\u00e7\u00e3o da ministra da Cultura, Margareth Menezes. O di\u00e1logo centralizou-se na import\u00e2ncia de unir esfor\u00e7os entre o governo, as comunidades locais e a sociedade civil na busca por um futuro sustent\u00e1vel.<\/p>\n<h2>O papel das mulheres e a bioeconomia<\/h2>\n<p>Durante o bate-papo, os l\u00edderes discutiram o protagonismo feminino na conserva\u00e7\u00e3o dos territ\u00f3rios naturais. A primeira-dama destacou em suas redes sociais que proteger a floresta significa tamb\u00e9m amparar aqueles que habitam e lutam por ela.<\/p>\n<p>O potencial da <b>bioeconomia<\/b> tamb\u00e9m entrou em pauta como uma ferramenta essencial para impulsionar a gera\u00e7\u00e3o de empregos e renda, promovendo o desenvolvimento econ\u00f4mico sem causar danos ao ecossistema.<\/p>\n<h2>Debate sobre a Amaz\u00f4nia e os povos origin\u00e1rios<\/h2>\n<p>Al\u00e9m das quest\u00f5es econ\u00f4micas, a pauta abrangeu o futuro da Amaz\u00f4nia, a prote\u00e7\u00e3o aos <b>povos ind\u00edgenas<\/b> e as estrat\u00e9gias necess\u00e1rias para o combate efetivo \u00e0s mudan\u00e7as clim\u00e1ticas globais.<\/p>\n<p>Como gesto simb\u00f3lico ao final da visita, o casal presidencial presenteou o astro hollywoodiano com duas fotografias do <b>cacique Raoni Metuktire<\/b>, renomado l\u00edder da etnia Caiap\u00f3 e s\u00edmbolo global na defesa da floresta amaz\u00f4nica. Vale lembrar que DiCaprio havia se encontrado recentemente com Raoni, no dia 29 de agosto, no Mato Grosso.<\/p>\n<p>Por Reda\u00e7\u00e3o Acontece<\/p>\n<p>Cr\u00e9ditos da imagem: Reprodu\u00e7\u00e3o \/ Redes Sociais<\/p>\n","protected":false},"excerpt":{"rendered":"<p>O presidente Luiz In\u00e1cio Lula da Silva e a primeira-dama Ros\u00e2ngela Lula da Silva, a Janja, receberam o ator e ativista ambiental Leonardo DiCaprio no Pal\u00e1cio do Planalto, em Bras\u00edlia, durante a tarde da \u00faltima quarta-feira (2\/9). Encontro focado na sustentabilidade A reuni\u00e3o teve dura\u00e7\u00e3o aproximada de uma hora e contou com a participa\u00e7\u00e3o da [&hellip;]<\/p>\n","protected":false},"author":0,"featured_media":33985,"comment_status":"open","ping_status":"open","sticky":false,"template":"","format":"standard","meta":{"footnotes":""},"categories":[6],"tags":[],"class_list":["post-33977","post","type-post","status-publish","format-standard","has-post-thumbnail","hentry","category-mercosul"],"_links":{"self":[{"href":"https:\/\/acontecenafronteira.com.br\/index.php\/wp-json\/wp\/v2\/posts\/33977","targetHints":{"allow":["GET"]}}],"collection":[{"href":"https:\/\/acontecenafronteira.com.br\/index.php\/wp-json\/wp\/v2\/posts"}],"about":[{"href":"https:\/\/acontecenafronteira.com.br\/index.php\/wp-json\/wp\/v2\/types\/post"}],"replies":[{"embeddable":true,"href":"https:\/\/acontecenafronteira.com.br\/index.php\/wp-json\/wp\/v2\/comments?post=33977"}],"version-history":[{"count":1,"href":"https:\/\/acontecenafronteira.com.br\/index.php\/wp-json\/wp\/v2\/posts\/33977\/revisions"}],"predecessor-version":[{"id":33984,"href":"https:\/\/acontecenafronteira.com.br\/index.php\/wp-json\/wp\/v2\/posts\/33977\/revisions\/33984"}],"wp:featuredmedia":[{"embeddable":true,"href":"https:\/\/acontecenafronteira.com.br\/index.php\/wp-json\/wp\/v2\/media\/33985"}],"wp:attachment":[{"href":"https:\/\/acontecenafronteira.com.br\/index.php\/wp-json\/wp\/v2\/media?parent=33977"}],"wp:term":[{"taxonomy":"category","embeddable":true,"href":"https:\/\/acontecenafronteira.com.br\/index.php\/wp-json\/wp\/v2\/categories?post=33977"},{"taxonomy":"post_tag","embeddable":true,"href":"https:\/\/acontecenafronteira.com.br\/index.php\/wp-json\/wp\/v2\/tags?post=33977"}],"curies":[{"name":"wp","href":"https:\/\/api.w.org\/{rel}","templated":true}]}}