{"id":33976,"date":"2026-09-02T17:37:41","date_gmt":"2026-09-02T20:37:41","guid":{"rendered":"https:\/\/acontecenafronteira.com.br\/?p=33976"},"modified":"2026-09-02T17:37:41","modified_gmt":"2026-09-02T20:37:41","slug":"pm-pune-torcidas-bamor-e-os-imbativeis-por-6-meses-apos-morte","status":"publish","type":"post","link":"https:\/\/acontecenafronteira.com.br\/index.php\/2026\/09\/02\/pm-pune-torcidas-bamor-e-os-imbativeis-por-6-meses-apos-morte\/","title":{"rendered":"PM pune torcidas Bamor e Os Imbat\u00edveis por 6 meses ap\u00f3s morte"},"content":{"rendered":"<p>A Pol\u00edcia Militar da Bahia determinou uma puni\u00e7\u00e3o severa de seis meses para as principais torcidas organizadas de Bahia e Vit\u00f3ria, a Bamor e Os Imbat\u00edveis, ap\u00f3s o confronto violento que resultou em morte no final de agosto.<\/p>\n<h2>Detalhes da puni\u00e7\u00e3o aplicada pelo BEPE<\/h2>\n<p>O Batalh\u00e3o Especializado de Policiamento de Eventos oficializou a san\u00e7\u00e3o que entra em vigor nesta quinta-feira (3\/9). A medida foi definida durante reuni\u00e3o realizada na manh\u00e3 de quarta-feira (2\/9), que contou com a presen\u00e7a da promotora de Justi\u00e7a Telma Leal de Oliveira, do comandante do BEPE, tenente-coronel Fl\u00e1vio, al\u00e9m dos dirigentes de ambas as agremia\u00e7\u00f5es.<\/p>\n<p>Durante o per\u00edodo de suspens\u00e3o, os membros das duas agremia\u00e7\u00f5es est\u00e3o proibidos de ingressar em qualquer est\u00e1dio ou arena em partidas estaduais, regionais, nacionais e internacionais.<\/p>\n<h2>Restri\u00e7\u00f5es de materiais nos est\u00e1dios<\/h2>\n<p>Al\u00e9m do banimento dos eventos esportivos, a decis\u00e3o pro\u00edbe estritamente o porte de qualquer item que fa\u00e7a refer\u00eancia aos grupos.<\/p>\n<p>Isso inclui a proibi\u00e7\u00e3o de faixas, bandeiras, cartazes e vestimentas oficiais ou que identifiquem a Bamor e Os Imbat\u00edveis em espa\u00e7os p\u00fablicos durante os dias de jogos.<\/p>\n<h2>Contexto da viol\u00eancia entre torcidas<\/h2>\n<p>A san\u00e7\u00e3o policial ocorre em resposta direta \u00e0 briga generalizada registrada no dia 23 de agosto, data em que Vit\u00f3ria e Bahia duelaram no Est\u00e1dio Barrad\u00e3o pelo Campeonato Brasileiro.<\/p>\n<p>Embora a partida contasse apenas com torcida \u00fanica do time mandante, conflitos sangrentos eclodiram nas ruas de Salvador. A viol\u00eancia urbana culminou no falecimento de um torcedor e na pris\u00e3o em flagrante de seis indiv\u00edduos suspeitos de participa\u00e7\u00e3o no homic\u00eddio e na confus\u00e3o. Registros em v\u00eddeo feitos por moradores mostraram o instante em que dezenas de pessoas perseguiram rivais pelas vias da capital baiana.<\/p>\n<p>Por Reda\u00e7\u00e3o Acontece<\/p>\n<p>Foto: Divulga\u00e7\u00e3o\/PMBA<\/p>\n","protected":false},"excerpt":{"rendered":"<p>A Pol\u00edcia Militar da Bahia determinou uma puni\u00e7\u00e3o severa de seis meses para as principais torcidas organizadas de Bahia e Vit\u00f3ria, a Bamor e Os Imbat\u00edveis, ap\u00f3s o confronto violento que resultou em morte no final de agosto. Detalhes da puni\u00e7\u00e3o aplicada pelo BEPE O Batalh\u00e3o Especializado de Policiamento de Eventos oficializou a san\u00e7\u00e3o que [&hellip;]<\/p>\n","protected":false},"author":0,"featured_media":33983,"comment_status":"open","ping_status":"open","sticky":false,"template":"","format":"standard","meta":{"footnotes":""},"categories":[6],"tags":[],"class_list":["post-33976","post","type-post","status-publish","format-standard","has-post-thumbnail","hentry","category-mercosul"],"_links":{"self":[{"href":"https:\/\/acontecenafronteira.com.br\/index.php\/wp-json\/wp\/v2\/posts\/33976","targetHints":{"allow":["GET"]}}],"collection":[{"href":"https:\/\/acontecenafronteira.com.br\/index.php\/wp-json\/wp\/v2\/posts"}],"about":[{"href":"https:\/\/acontecenafronteira.com.br\/index.php\/wp-json\/wp\/v2\/types\/post"}],"replies":[{"embeddable":true,"href":"https:\/\/acontecenafronteira.com.br\/index.php\/wp-json\/wp\/v2\/comments?post=33976"}],"version-history":[{"count":1,"href":"https:\/\/acontecenafronteira.com.br\/index.php\/wp-json\/wp\/v2\/posts\/33976\/revisions"}],"predecessor-version":[{"id":33982,"href":"https:\/\/acontecenafronteira.com.br\/index.php\/wp-json\/wp\/v2\/posts\/33976\/revisions\/33982"}],"wp:featuredmedia":[{"embeddable":true,"href":"https:\/\/acontecenafronteira.com.br\/index.php\/wp-json\/wp\/v2\/media\/33983"}],"wp:attachment":[{"href":"https:\/\/acontecenafronteira.com.br\/index.php\/wp-json\/wp\/v2\/media?parent=33976"}],"wp:term":[{"taxonomy":"category","embeddable":true,"href":"https:\/\/acontecenafronteira.com.br\/index.php\/wp-json\/wp\/v2\/categories?post=33976"},{"taxonomy":"post_tag","embeddable":true,"href":"https:\/\/acontecenafronteira.com.br\/index.php\/wp-json\/wp\/v2\/tags?post=33976"}],"curies":[{"name":"wp","href":"https:\/\/api.w.org\/{rel}","templated":true}]}}