{"id":33975,"date":"2026-09-02T17:37:36","date_gmt":"2026-09-02T20:37:36","guid":{"rendered":"https:\/\/acontecenafronteira.com.br\/?p=33975"},"modified":"2026-09-02T17:37:36","modified_gmt":"2026-09-02T20:37:36","slug":"senador-magno-malta-e-denunciado-por-agressao-em-hospital","status":"publish","type":"post","link":"https:\/\/acontecenafronteira.com.br\/index.php\/2026\/09\/02\/senador-magno-malta-e-denunciado-por-agressao-em-hospital\/","title":{"rendered":"Senador Magno Malta \u00e9 denunciado por agress\u00e3o em hospital"},"content":{"rendered":"<p>O Minist\u00e9rio P\u00fablico do Distrito Federal e Territ\u00f3rios (MPDFT) formalizou a den\u00fancia contra o senador Magno Malta pelo crime de vias de fato. O parlamentar \u00e9 acusado de agredir com um tapa no rosto uma t\u00e9cnica de enfermagem durante um atendimento em um hospital particular localizado na capital federal. O processo atualmente tramita perante o 2\u00ba Juizado Especial Criminal de Bras\u00edlia.<\/p>\n<h2>Entenda a din\u00e2mica do incidente hospitalar<\/h2>\n<p>O epis\u00f3dio ocorreu nas depend\u00eancias do Hospital DF Star, quando a profissional de sa\u00fade realizava uma angiotomografia no pol\u00edtico. De acordo com os registros do Minist\u00e9rio P\u00fablico, a t\u00e9cnica identificou um extravasamento de contraste no bra\u00e7o do senador e orientou sobre a necessidade de aplicar uma compressa no local afetado.<\/p>\n<p>Em seguida, o parlamentar levantou-se do equipamento de imagem. No momento em que a funcion\u00e1ria se aproximou para prestar aux\u00edlio, foi surpreendida com uma forte agress\u00e3o f\u00edsica no rosto, conforme aponta a acusa\u00e7\u00e3o protocolada no final de agosto.<\/p>\n<h2>Consequ\u00eancias jur\u00eddicas e recusa de acordo<\/h2>\n<p>O impacto do golpe desferido pelo senador deixou a v\u00edtima com vermelhid\u00e3o e dores na face, al\u00e9m de entortar e danificar seus \u00f3culos de grau. Diante da gravidade, o \u00f3rg\u00e3o ministerial solicitou que a Justi\u00e7a determine o pagamento de indeniza\u00e7\u00f5es por danos morais e materiais, cujos valores exatos ser\u00e3o estipulados pelo juiz respons\u00e1vel pelo caso.<\/p>\n<p>Antes de formalizar a den\u00fancia, o MPDFT prop\u00f4s um acordo ao pol\u00edtico para evitar o prosseguimento da a\u00e7\u00e3o penal. A proposta previa o pagamento de R$ 6 mil ou a presta\u00e7\u00e3o de 45 horas de servi\u00e7os comunit\u00e1rios, mas a alternativa foi rejeitada pelo parlamentar.<\/p>\n<h2>Posi\u00e7\u00e3o da defesa e arquivamento de contra-acusa\u00e7\u00e3o<\/h2>\n<p>Por meio de nota oficial, a defesa do senador negou veementemente a ocorr\u00eancia de qualquer conduta violenta. Os advogados sustentaram a inexist\u00eancia de laudos periciais ou provas materiais que comprovem a agress\u00e3o, refor\u00e7ando que o cliente seguir\u00e1 contestando as acusa\u00e7\u00f5es no \u00e2mbito judicial para esclarecer os fatos.<\/p>\n<p>Paralelamente ao processo principal, o parlamentar havia registrado um boletim de ocorr\u00eancia contra a trabalhadora, acusando-a de les\u00e3o corporal culposa. No entanto, a Justi\u00e7a do Distrito Federal determinou o arquivamento deste termo circunstanciado, acolhendo o parecer do Minist\u00e9rio P\u00fablico que apontou falta de ind\u00edcios m\u00ednimos de imper\u00edcia ou neglig\u00eancia por parte da profissional de enfermagem.<\/p>\n<p>Por Reda\u00e7\u00e3o Acontece<\/p>\n<p>Reprodu\u00e7\u00e3o\/Redes Sociais<\/p>\n","protected":false},"excerpt":{"rendered":"<p>O Minist\u00e9rio P\u00fablico do Distrito Federal e Territ\u00f3rios (MPDFT) formalizou a den\u00fancia contra o senador Magno Malta pelo crime de vias de fato. O parlamentar \u00e9 acusado de agredir com um tapa no rosto uma t\u00e9cnica de enfermagem durante um atendimento em um hospital particular localizado na capital federal. O processo atualmente tramita perante o [&hellip;]<\/p>\n","protected":false},"author":0,"featured_media":33981,"comment_status":"open","ping_status":"open","sticky":false,"template":"","format":"standard","meta":{"footnotes":""},"categories":[6],"tags":[],"class_list":["post-33975","post","type-post","status-publish","format-standard","has-post-thumbnail","hentry","category-mercosul"],"_links":{"self":[{"href":"https:\/\/acontecenafronteira.com.br\/index.php\/wp-json\/wp\/v2\/posts\/33975","targetHints":{"allow":["GET"]}}],"collection":[{"href":"https:\/\/acontecenafronteira.com.br\/index.php\/wp-json\/wp\/v2\/posts"}],"about":[{"href":"https:\/\/acontecenafronteira.com.br\/index.php\/wp-json\/wp\/v2\/types\/post"}],"replies":[{"embeddable":true,"href":"https:\/\/acontecenafronteira.com.br\/index.php\/wp-json\/wp\/v2\/comments?post=33975"}],"version-history":[{"count":1,"href":"https:\/\/acontecenafronteira.com.br\/index.php\/wp-json\/wp\/v2\/posts\/33975\/revisions"}],"predecessor-version":[{"id":33980,"href":"https:\/\/acontecenafronteira.com.br\/index.php\/wp-json\/wp\/v2\/posts\/33975\/revisions\/33980"}],"wp:featuredmedia":[{"embeddable":true,"href":"https:\/\/acontecenafronteira.com.br\/index.php\/wp-json\/wp\/v2\/media\/33981"}],"wp:attachment":[{"href":"https:\/\/acontecenafronteira.com.br\/index.php\/wp-json\/wp\/v2\/media?parent=33975"}],"wp:term":[{"taxonomy":"category","embeddable":true,"href":"https:\/\/acontecenafronteira.com.br\/index.php\/wp-json\/wp\/v2\/categories?post=33975"},{"taxonomy":"post_tag","embeddable":true,"href":"https:\/\/acontecenafronteira.com.br\/index.php\/wp-json\/wp\/v2\/tags?post=33975"}],"curies":[{"name":"wp","href":"https:\/\/api.w.org\/{rel}","templated":true}]}}