{"id":33974,"date":"2026-09-02T17:37:21","date_gmt":"2026-09-02T20:37:21","guid":{"rendered":"https:\/\/acontecenafronteira.com.br\/?p=33974"},"modified":"2026-09-02T17:37:21","modified_gmt":"2026-09-02T20:37:21","slug":"causa-da-morte-de-tim-curry-e-revelada-por-documentos-medicos","status":"publish","type":"post","link":"https:\/\/acontecenafronteira.com.br\/index.php\/2026\/09\/02\/causa-da-morte-de-tim-curry-e-revelada-por-documentos-medicos\/","title":{"rendered":"Causa da morte de Tim Curry \u00e9 revelada por documentos m\u00e9dicos"},"content":{"rendered":"<p>A morte do aclamado ator Tim Curry, ocorrida em 25 de agosto aos 80 anos, foi provocada por uma doen\u00e7a arterial coronariana, conforme apontam registros oficiais do Departamento de Sa\u00fade P\u00fablica do Condado de Los Angeles divulgados recentemente.<\/p>\n<h2>Hist\u00f3rico m\u00e9dico complexo<\/h2>\n<p>Documentos m\u00e9dicos indicam que o artista enfrentava complica\u00e7\u00f5es decorrentes de um Acidente Vascular Cerebral sofrido em anos anteriores, al\u00e9m de ter lidado com um diagn\u00f3stico de c\u00e2ncer renal. Os prontu\u00e1rios revelam que o ator n\u00e3o passou por procedimentos cir\u00fargicos para tratar essas condi\u00e7\u00f5es espec\u00edficas. Desde o AVC debilitante que sofreu em 2012, a sa\u00fade do astro brit\u00e2nico exigia cuidados constantes, o que o afastou gradualmente dos palcos e das atua\u00e7\u00f5es presenciais.<\/p>\n<h2>Legado na cultura pop e no terror<\/h2>\n<p>Nascido no Reino Unido, o int\u00e9rprete construiu uma carreira marcante no teatro, na televis\u00e3o e nas telonas, eternizando personagens inesquec\u00edveis. Nos anos 1970, alcan\u00e7ou fama internacional ao interpretar o Dr. Frank-N-Furter no cl\u00e1ssico The Rocky Horror Picture Show, consolidando sua import\u00e2ncia na cultura pop.<\/p>\n<h2>Pap\u00e9is marcantes no cinema<\/h2>\n<p>Anos mais tarde, o artista gravou seu nome na hist\u00f3ria do terror ao encarnar o aterrorizante palha\u00e7o Pennywise na adapta\u00e7\u00e3o televisiva de It, baseada na obra de Stephen King. Seu curr\u00edculo cinematogr\u00e1fico inclui ainda participa\u00e7\u00f5es em produ\u00e7\u00f5es de grande sucesso, como Esqueceram de Mim 2: Perdido em Nova York, A Lenda, Os Sete Suspeitos e Todo Mundo em P\u00e2nico 2.<\/p>\n<h2>\u00daltimos trabalhos<\/h2>\n<p>Mesmo ap\u00f3s as limita\u00e7\u00f5es impostas por problemas de sa\u00fade na \u00faltima d\u00e9cada, o ator manteve sua paix\u00e3o pela arte ao atuar como dublador e retornar recentemente \u00e0s produ\u00e7\u00f5es audiovisuais, deixando uma marca eterna na hist\u00f3ria do entretenimento mundial.<\/p>\n<p>Por Reda\u00e7\u00e3o Acontece<\/p>\n<p>Getty Images\/Reprodu\u00e7\u00e3o<\/p>\n","protected":false},"excerpt":{"rendered":"<p>A morte do aclamado ator Tim Curry, ocorrida em 25 de agosto aos 80 anos, foi provocada por uma doen\u00e7a arterial coronariana, conforme apontam registros oficiais do Departamento de Sa\u00fade P\u00fablica do Condado de Los Angeles divulgados recentemente. Hist\u00f3rico m\u00e9dico complexo Documentos m\u00e9dicos indicam que o artista enfrentava complica\u00e7\u00f5es decorrentes de um Acidente Vascular Cerebral [&hellip;]<\/p>\n","protected":false},"author":0,"featured_media":33979,"comment_status":"open","ping_status":"open","sticky":false,"template":"","format":"standard","meta":{"footnotes":""},"categories":[6],"tags":[],"class_list":["post-33974","post","type-post","status-publish","format-standard","has-post-thumbnail","hentry","category-mercosul"],"_links":{"self":[{"href":"https:\/\/acontecenafronteira.com.br\/index.php\/wp-json\/wp\/v2\/posts\/33974","targetHints":{"allow":["GET"]}}],"collection":[{"href":"https:\/\/acontecenafronteira.com.br\/index.php\/wp-json\/wp\/v2\/posts"}],"about":[{"href":"https:\/\/acontecenafronteira.com.br\/index.php\/wp-json\/wp\/v2\/types\/post"}],"replies":[{"embeddable":true,"href":"https:\/\/acontecenafronteira.com.br\/index.php\/wp-json\/wp\/v2\/comments?post=33974"}],"version-history":[{"count":1,"href":"https:\/\/acontecenafronteira.com.br\/index.php\/wp-json\/wp\/v2\/posts\/33974\/revisions"}],"predecessor-version":[{"id":33978,"href":"https:\/\/acontecenafronteira.com.br\/index.php\/wp-json\/wp\/v2\/posts\/33974\/revisions\/33978"}],"wp:featuredmedia":[{"embeddable":true,"href":"https:\/\/acontecenafronteira.com.br\/index.php\/wp-json\/wp\/v2\/media\/33979"}],"wp:attachment":[{"href":"https:\/\/acontecenafronteira.com.br\/index.php\/wp-json\/wp\/v2\/media?parent=33974"}],"wp:term":[{"taxonomy":"category","embeddable":true,"href":"https:\/\/acontecenafronteira.com.br\/index.php\/wp-json\/wp\/v2\/categories?post=33974"},{"taxonomy":"post_tag","embeddable":true,"href":"https:\/\/acontecenafronteira.com.br\/index.php\/wp-json\/wp\/v2\/tags?post=33974"}],"curies":[{"name":"wp","href":"https:\/\/api.w.org\/{rel}","templated":true}]}}