{"id":33965,"date":"2026-09-02T17:37:15","date_gmt":"2026-09-02T20:37:15","guid":{"rendered":"https:\/\/acontecenafronteira.com.br\/?p=33965"},"modified":"2026-09-02T17:37:15","modified_gmt":"2026-09-02T20:37:15","slug":"augusto-cury-cobra-autoexclusao-de-moraes-apos-vazamento","status":"publish","type":"post","link":"https:\/\/acontecenafronteira.com.br\/index.php\/2026\/09\/02\/augusto-cury-cobra-autoexclusao-de-moraes-apos-vazamento\/","title":{"rendered":"Augusto Cury cobra autoexclus\u00e3o de Moraes ap\u00f3s vazamento"},"content":{"rendered":"<p>O presidenci\u00e1vel <strong>Augusto Cury<\/strong> afirmou nesta quarta-feira (2), em S\u00e3o Paulo, que o ministro <strong>Alexandre de Moraes<\/strong>, do <strong>Supremo Tribunal Federal (STF)<\/strong>, deveria ter a dignidade de se afastar do cargo ou enfrentar um processo de impeachment caso sejam confirmadas falhas nas mensagens trocadas com o banqueiro <strong>Daniel Vorcaro<\/strong>.<\/p>\n<h2>Declara\u00e7\u00f5es em evento judaico<\/h2>\n<p>A declara\u00e7\u00e3o foi dada ap\u00f3s uma reuni\u00e3o com dirigentes da <strong>Federa\u00e7\u00e3o Israelita do Estado de S\u00e3o Paulo<\/strong>. Na ocasi\u00e3o, o candidato do <strong>Avante<\/strong> recebeu propostas voltadas para a <strong>liberado religiosa<\/strong>, a <strong>defesa dos direitos humanos<\/strong> e o combate ao <strong>antissemitismo<\/strong>.<\/p>\n<p>Questionado por jornalistas sobre a possibilidade de afastamento do magistrado do STF, Cury ponderou que o magistrado precisa prestar esclarecimentos, ressaltando que a palavra final caber\u00e1 aos \u00f3rg\u00e3os competentes da Justi\u00e7a.<\/p>\n<h2>Crescimento nas inten\u00e7\u00f5es de voto<\/h2>\n<p>Durante a conversa com a imprensa, o pol\u00edtico tamb\u00e9m comemorou os dados do levantamento da <strong>pesquisa Quaest<\/strong>, tamb\u00e9m divulgados nesta quarta-feira, que apontam sua candidatura com <strong>10% das inten\u00e7\u00f5es de voto<\/strong> no primeiro turno.<\/p>\n<p>O postulante ao Planalto classificou o avan\u00e7o na corrida eleitoral como um fen\u00f4meno estritamente org\u00e2nico e fruto da ades\u00e3o popular. Segundo ele, nem mesmo nas campanhas de <strong>Barcok Obama<\/strong> ou de <strong>Jair Bolsonaro<\/strong> houve um salto t\u00e3o veloz nas estat\u00edsticas sem o respaldo de uma grande m\u00e1quina partid\u00e1ria.<\/p>\n<p>Para o presidenci\u00e1vel, o momento reflete o desejo da sociedade por <strong>pacifica\u00e7\u00e3o nacional<\/strong>, destacando a necessidade de unir lideran\u00e7as e eleitores de diferentes matizes ideol\u00f3gicos em prol do futuro do pa\u00eds.<\/p>\n<p>Por Reda\u00e7\u00e3o Acontece<\/p>\n<p>Cr\u00e9ditos da imagem: Divulga\u00e7\u00e3o \/ Campanha Augusto Cury<\/p>\n","protected":false},"excerpt":{"rendered":"<p>O presidenci\u00e1vel Augusto Cury afirmou nesta quarta-feira (2), em S\u00e3o Paulo, que o ministro Alexandre de Moraes, do Supremo Tribunal Federal (STF), deveria ter a dignidade de se afastar do cargo ou enfrentar um processo de impeachment caso sejam confirmadas falhas nas mensagens trocadas com o banqueiro Daniel Vorcaro. Declara\u00e7\u00f5es em evento judaico A declara\u00e7\u00e3o [&hellip;]<\/p>\n","protected":false},"author":0,"featured_media":33973,"comment_status":"open","ping_status":"open","sticky":false,"template":"","format":"standard","meta":{"footnotes":""},"categories":[28],"tags":[],"class_list":["post-33965","post","type-post","status-publish","format-standard","has-post-thumbnail","hentry","category-mundo"],"_links":{"self":[{"href":"https:\/\/acontecenafronteira.com.br\/index.php\/wp-json\/wp\/v2\/posts\/33965","targetHints":{"allow":["GET"]}}],"collection":[{"href":"https:\/\/acontecenafronteira.com.br\/index.php\/wp-json\/wp\/v2\/posts"}],"about":[{"href":"https:\/\/acontecenafronteira.com.br\/index.php\/wp-json\/wp\/v2\/types\/post"}],"replies":[{"embeddable":true,"href":"https:\/\/acontecenafronteira.com.br\/index.php\/wp-json\/wp\/v2\/comments?post=33965"}],"version-history":[{"count":1,"href":"https:\/\/acontecenafronteira.com.br\/index.php\/wp-json\/wp\/v2\/posts\/33965\/revisions"}],"predecessor-version":[{"id":33972,"href":"https:\/\/acontecenafronteira.com.br\/index.php\/wp-json\/wp\/v2\/posts\/33965\/revisions\/33972"}],"wp:featuredmedia":[{"embeddable":true,"href":"https:\/\/acontecenafronteira.com.br\/index.php\/wp-json\/wp\/v2\/media\/33973"}],"wp:attachment":[{"href":"https:\/\/acontecenafronteira.com.br\/index.php\/wp-json\/wp\/v2\/media?parent=33965"}],"wp:term":[{"taxonomy":"category","embeddable":true,"href":"https:\/\/acontecenafronteira.com.br\/index.php\/wp-json\/wp\/v2\/categories?post=33965"},{"taxonomy":"post_tag","embeddable":true,"href":"https:\/\/acontecenafronteira.com.br\/index.php\/wp-json\/wp\/v2\/tags?post=33965"}],"curies":[{"name":"wp","href":"https:\/\/api.w.org\/{rel}","templated":true}]}}