{"id":33964,"date":"2026-09-02T17:37:10","date_gmt":"2026-09-02T20:37:10","guid":{"rendered":"https:\/\/acontecenafronteira.com.br\/?p=33964"},"modified":"2026-09-02T17:37:10","modified_gmt":"2026-09-02T20:37:10","slug":"augusto-cury-cresce-na-quaest-e-dobra-taxa-de-conversao","status":"publish","type":"post","link":"https:\/\/acontecenafronteira.com.br\/index.php\/2026\/09\/02\/augusto-cury-cresce-na-quaest-e-dobra-taxa-de-conversao\/","title":{"rendered":"Augusto Cury cresce na Quaest e dobra taxa de convers\u00e3o"},"content":{"rendered":"<p>O candidato \u00e0 Presid\u00eancia da Rep\u00fablica <b>Augusto Cury<\/b> (Avante) registrou um salto expressivo em sua visibilidade e na chamada <b>taxa de convers\u00e3o<\/b> do eleitorado nas \u00faltimas semanas, de acordo com o levantamento da <b>Quaest<\/b> divulgado nesta quarta-feira (2).<\/p>\n<h2>Evolu\u00e7\u00e3o nas inten\u00e7\u00f5es de voto<\/h2>\n<p>A fatia de eleitores que afirmam conhecer o escritor e que votariam nele mais do que dobrou, saltando de 10%, no levantamento de 14 de agosto, para 21% na pesquisa atual. Encomendada pela <b>TV Globo<\/b> e pelo jornal <b>O GLOBO<\/b>, esta \u00e9 a primeira sondagem realizada ap\u00f3s a rodada de sabatinas com os presidenci\u00e1veis.<\/p>\n<p>Com esse desempenho, Cury alcan\u00e7ou <b>10% das inten\u00e7\u00f5es de voto<\/b> no cen\u00e1rio geral, registrando um avan\u00e7o importante em rela\u00e7\u00e3o aos 2% que detinha na pesquisa anterior. O resultado o coloca na terceira coloca\u00e7\u00e3o isolada na corrida presidencial.<\/p>\n<h2>Desconhecimento e rejei\u00e7\u00e3o<\/h2>\n<p>Apesar do avan\u00e7o, o candidato ainda enfrenta o desafio da falta de familiaridade com o grande p\u00fablico. A parcela de eleitores que relatam n\u00e3o conhecer o postulante ao Planalto recuou de 76% para 54%.<\/p>\n<p>Em contrapartida, o grupo daqueles que conhecem o escritor, mas declaram que n\u00e3o votariam nele, subiu de 16% para 25%.<\/p>\n<h2>O papel dos eleitores independentes<\/h2>\n<p>O crescimento do apoio a Cury foi impulsionado majoritariamente pelo eleitorado que se define como <b>independente politicamente<\/b>, sem alinhamento autom\u00e1tico com a esquerda ou com a direita. Entre esses eleitores, 24% declaram inten\u00e7\u00e3o de voto no candidato no primeiro turno, o \u00edndice num\u00e9rico mais alto entre todos os concorrentes nesse segmento.<\/p>\n<p>Mesmo nesse grupo, contudo, o desconhecimento ainda predomina: 65% dizem n\u00e3o saber quem \u00e9 Cury, enquanto 18% o conhecem e poderiam votar nele, e 17% o conhecem, mas descartam a possibilidade de voto.<\/p>\n<p>Sobre a fidelidade do eleitorado conquistado, 52% dos que pretendem votar em Cury afirmam que a decis\u00e3o \u00e9 definitiva, ao passo que 48% admitem a possibilidade de mudar de ideia at\u00e9 outubro. Considerando a margem de erro de dois pontos percentuais, os \u00edndices configuram empate t\u00e9cnico.<\/p>\n<h2>Impacto digital e popularidade online<\/h2>\n<p>O salto nas pesquisas \u00e9 acompanhado por uma expans\u00e3o not\u00e1vel no ambiente virtual. O <b>\u00cdndice de Popularidade Digital (IPD)<\/b> da Quaest aponta que Cury passou de 32,9 pontos na semana encerrada em 16 de agosto para 54,5 pontos no balan\u00e7o fechado no \u00faltimo domingo (30), o que representa um crescimento de quase dois ter\u00e7os.<\/p>\n<p>Com o desempenho, o candidato galgou posi\u00e7\u00f5es no ranking digital, saltando da s\u00e9tima para a quarta coloca\u00e7\u00e3o, al\u00e9m de ter acumulado cerca de 2,5 milh\u00f5es de novos seguidores no <b>Instagram<\/b> no intervalo de aproximadamente uma semana.<\/p>\n<p>A pesquisa da Quaest ouviu 2.004 eleitores presencialmente entre os dias 30 de agosto e 1\u00ba de setembro. O n\u00edvel de confian\u00e7a estimado \u00e9 de 95%, e a margem de erro \u00e9 de dois pontos percentuais para mais ou para menos. O levantamento est\u00e1 devidamente registrado na Justi\u00e7a Eleitoral sob o protocolo BR-07065\/2026.<\/p>\n<p>Por Reda\u00e7\u00e3o Acontece<\/p>\n<p>Imagem: Divulga\u00e7\u00e3o \/ Campanha<\/p>\n","protected":false},"excerpt":{"rendered":"<p>O candidato \u00e0 Presid\u00eancia da Rep\u00fablica Augusto Cury (Avante) registrou um salto expressivo em sua visibilidade e na chamada taxa de convers\u00e3o do eleitorado nas \u00faltimas semanas, de acordo com o levantamento da Quaest divulgado nesta quarta-feira (2). Evolu\u00e7\u00e3o nas inten\u00e7\u00f5es de voto A fatia de eleitores que afirmam conhecer o escritor e que votariam [&hellip;]<\/p>\n","protected":false},"author":0,"featured_media":33971,"comment_status":"open","ping_status":"open","sticky":false,"template":"","format":"standard","meta":{"footnotes":""},"categories":[28],"tags":[],"class_list":["post-33964","post","type-post","status-publish","format-standard","has-post-thumbnail","hentry","category-mundo"],"_links":{"self":[{"href":"https:\/\/acontecenafronteira.com.br\/index.php\/wp-json\/wp\/v2\/posts\/33964","targetHints":{"allow":["GET"]}}],"collection":[{"href":"https:\/\/acontecenafronteira.com.br\/index.php\/wp-json\/wp\/v2\/posts"}],"about":[{"href":"https:\/\/acontecenafronteira.com.br\/index.php\/wp-json\/wp\/v2\/types\/post"}],"replies":[{"embeddable":true,"href":"https:\/\/acontecenafronteira.com.br\/index.php\/wp-json\/wp\/v2\/comments?post=33964"}],"version-history":[{"count":1,"href":"https:\/\/acontecenafronteira.com.br\/index.php\/wp-json\/wp\/v2\/posts\/33964\/revisions"}],"predecessor-version":[{"id":33970,"href":"https:\/\/acontecenafronteira.com.br\/index.php\/wp-json\/wp\/v2\/posts\/33964\/revisions\/33970"}],"wp:featuredmedia":[{"embeddable":true,"href":"https:\/\/acontecenafronteira.com.br\/index.php\/wp-json\/wp\/v2\/media\/33971"}],"wp:attachment":[{"href":"https:\/\/acontecenafronteira.com.br\/index.php\/wp-json\/wp\/v2\/media?parent=33964"}],"wp:term":[{"taxonomy":"category","embeddable":true,"href":"https:\/\/acontecenafronteira.com.br\/index.php\/wp-json\/wp\/v2\/categories?post=33964"},{"taxonomy":"post_tag","embeddable":true,"href":"https:\/\/acontecenafronteira.com.br\/index.php\/wp-json\/wp\/v2\/tags?post=33964"}],"curies":[{"name":"wp","href":"https:\/\/api.w.org\/{rel}","templated":true}]}}