{"id":33963,"date":"2026-09-02T17:37:02","date_gmt":"2026-09-02T20:37:02","guid":{"rendered":"https:\/\/acontecenafronteira.com.br\/?p=33963"},"modified":"2026-09-02T17:37:02","modified_gmt":"2026-09-02T20:37:02","slug":"morre-aos-103-anos-milton-soldani-afonso-fundador-da-golden-cross","status":"publish","type":"post","link":"https:\/\/acontecenafronteira.com.br\/index.php\/2026\/09\/02\/morre-aos-103-anos-milton-soldani-afonso-fundador-da-golden-cross\/","title":{"rendered":"Morre aos 103 anos Milton Soldani Afonso, fundador da Golden Cross"},"content":{"rendered":"<p>O empres\u00e1rio e filantropo Milton Soldani Afonso faleceu nesta quarta-feira (2), aos 103 anos, no Rio de Janeiro. Ele estava internado havia uma semana na unidade de terapia intensiva (UTI) do Hospital Samaritano, na capital fluminense, conforme informou a Igreja Adventista do S\u00e9timo Dia.<\/p>\n<h2>Trajet\u00f3ria de supera\u00e7\u00e3o e pioneirismo<\/h2>\n<p>Nascido em 12 de dezembro de 1921 na cidade mineira de Nova Lima, Milton Soldani Afonso enfrentou uma inf\u00e2ncia de muito trabalho, vendendo doces para auxiliar a renda familiar e, posteriormente, comercializando publica\u00e7\u00f5es da Casa Publicadora Brasileira. Aos 13 anos de idade, mudou-se para territ\u00f3rio paulista com o objetivo de estudar no Col\u00e9gio Adventista Brasileiro.<\/p>\n<p>Formado em direito, ele construiu uma carreira marcante e tornou-se um dos grandes pioneiros do setor de planos de sa\u00fade no Brasil. No ano de 1971, fundou a <b>Golden Cross<\/b> no Rio de Janeiro, inicialmente concebida como uma entidade filantr\u00f3pica destinada a canalizar verbas para iniciativas de evangeliza\u00e7\u00e3o, assist\u00eancia social e educa\u00e7\u00e3o.<\/p>\n<h2>Expans\u00e3o da sa\u00fade e da comunica\u00e7\u00e3o<\/h2>\n<p>A empresa de assist\u00eancia m\u00e9dica registrou r\u00e1pido crescimento e, at\u00e9 1984, j\u00e1 havia se consolidado como uma das companhias de sa\u00fade mais expressivas da Am\u00e9rica do Sul. Paralelamente aos neg\u00f3cios, a trajet\u00f3ria do empres\u00e1rio destacou-se pelo forte patroc\u00ednio aos meios de comunica\u00e7\u00e3o da Igreja Adventista.<\/p>\n<p>A partir dos anos 1990, o filantropo forneceu suporte financeiro crucial para a compra de esta\u00e7\u00f5es de r\u00e1dio e para o fortalecimento da televis\u00e3o adventista no pa\u00eds. Em 1996, cedeu um terreno em Nova Friburgo, na Regi\u00e3o Serrana fluminense, para abrigar est\u00fadios de r\u00e1dio e TV, iniciativa que deu origem ao atual Sistema Adventista de Comunica\u00e7\u00e3o, hoje conhecido como <b>Rede Novo Tempo de Comunica\u00e7\u00e3o<\/b> e presente com cerca de 150 emissoras radiof\u00f4nicas no continente.<\/p>\n<h2>Legado na educa\u00e7\u00e3o e cultura<\/h2>\n<p>O compromisso com a educa\u00e7\u00e3o tamb\u00e9m esteve no centro de suas a\u00e7\u00f5es, financiando bolsas escolares para jovens e participando da Organiza\u00e7\u00e3o Santamarense de Educa\u00e7\u00e3o e Cultura (OSEC), que mantinha a Universidade de Santo Amaro (Unisa). Al\u00e9m disso, enriqueceu o acervo do Museu de Arqueologia B\u00edblica do Centro Universit\u00e1rio Adventista de S\u00e3o Paulo com doa\u00e7\u00f5es de B\u00edblias hist\u00f3ricas, obras liter\u00e1rias e moedas raras.<\/p>\n<p>O centen\u00e1rio empres\u00e1rio deixa quatro filhos, al\u00e9m de netos e bisnetos. At\u00e9 o momento, os detalhes referentes ao vel\u00f3rio e ao sepultamento n\u00e3o foram tornados p\u00fablicos pelas autoridades e familiares.<\/p>\n<p>Por Reda\u00e7\u00e3o Acontece<\/p>\n<p>Cr\u00e9ditos da imagem: Divulga\u00e7\u00e3o \/ Rede Novo Tempo<\/p>\n","protected":false},"excerpt":{"rendered":"<p>O empres\u00e1rio e filantropo Milton Soldani Afonso faleceu nesta quarta-feira (2), aos 103 anos, no Rio de Janeiro. Ele estava internado havia uma semana na unidade de terapia intensiva (UTI) do Hospital Samaritano, na capital fluminense, conforme informou a Igreja Adventista do S\u00e9timo Dia. Trajet\u00f3ria de supera\u00e7\u00e3o e pioneirismo Nascido em 12 de dezembro de [&hellip;]<\/p>\n","protected":false},"author":0,"featured_media":33969,"comment_status":"open","ping_status":"open","sticky":false,"template":"","format":"standard","meta":{"footnotes":""},"categories":[28],"tags":[],"class_list":["post-33963","post","type-post","status-publish","format-standard","has-post-thumbnail","hentry","category-mundo"],"_links":{"self":[{"href":"https:\/\/acontecenafronteira.com.br\/index.php\/wp-json\/wp\/v2\/posts\/33963","targetHints":{"allow":["GET"]}}],"collection":[{"href":"https:\/\/acontecenafronteira.com.br\/index.php\/wp-json\/wp\/v2\/posts"}],"about":[{"href":"https:\/\/acontecenafronteira.com.br\/index.php\/wp-json\/wp\/v2\/types\/post"}],"replies":[{"embeddable":true,"href":"https:\/\/acontecenafronteira.com.br\/index.php\/wp-json\/wp\/v2\/comments?post=33963"}],"version-history":[{"count":1,"href":"https:\/\/acontecenafronteira.com.br\/index.php\/wp-json\/wp\/v2\/posts\/33963\/revisions"}],"predecessor-version":[{"id":33968,"href":"https:\/\/acontecenafronteira.com.br\/index.php\/wp-json\/wp\/v2\/posts\/33963\/revisions\/33968"}],"wp:featuredmedia":[{"embeddable":true,"href":"https:\/\/acontecenafronteira.com.br\/index.php\/wp-json\/wp\/v2\/media\/33969"}],"wp:attachment":[{"href":"https:\/\/acontecenafronteira.com.br\/index.php\/wp-json\/wp\/v2\/media?parent=33963"}],"wp:term":[{"taxonomy":"category","embeddable":true,"href":"https:\/\/acontecenafronteira.com.br\/index.php\/wp-json\/wp\/v2\/categories?post=33963"},{"taxonomy":"post_tag","embeddable":true,"href":"https:\/\/acontecenafronteira.com.br\/index.php\/wp-json\/wp\/v2\/tags?post=33963"}],"curies":[{"name":"wp","href":"https:\/\/api.w.org\/{rel}","templated":true}]}}