{"id":33962,"date":"2026-09-02T17:36:58","date_gmt":"2026-09-02T20:36:58","guid":{"rendered":"https:\/\/acontecenafronteira.com.br\/?p=33962"},"modified":"2026-09-02T17:36:58","modified_gmt":"2026-09-02T20:36:58","slug":"demolicao-da-casa-mais-cara-do-brasil-choca-o-leblon","status":"publish","type":"post","link":"https:\/\/acontecenafronteira.com.br\/index.php\/2026\/09\/02\/demolicao-da-casa-mais-cara-do-brasil-choca-o-leblon\/","title":{"rendered":"Demoli\u00e7\u00e3o da casa mais cara do Brasil choca o Leblon"},"content":{"rendered":"<p>Uma das propriedades mais simb\u00f3licas e valiosas do Rio de Janeiro inicia sua demoli\u00e7\u00e3o nesta quinta-feira (3), marcando o fim de uma era no tradicional bairro do Leblon.<\/p>\n<h2>O fim da mans\u00e3o milion\u00e1ria<\/h2>\n<p>Situada no exclusivo condom\u00ednio Jardim Pernambuco, a resid\u00eancia que ostentava o t\u00edtulo de im\u00f3vel mais caro do pa\u00eds, com pre\u00e7o de an\u00fancio fixado em R$ 220 milh\u00f5es, vir\u00e1 abaixo ao longo do trimestre seguinte.<\/p>\n<h2>Novo empreendimento de luxo<\/h2>\n<p>No espa\u00e7o onde antes erguia-se a imponente constru\u00e7\u00e3o, o terreno dar\u00e1 lugar a um novo complexo residencial composto por moradias de alt\u00edssimo padr\u00e3o, cujo Valor Geral de Vendas \u00e9 projetado em impressionantes R$ 360 milh\u00f5es.<\/p>\n<p>A transforma\u00e7\u00e3o da \u00e1rea refor\u00e7a a forte valoriza\u00e7\u00e3o do mercado imobili\u00e1rio de luxo na Zona Sul carioca, substituindo antigas megaconstru\u00e7\u00f5es por condom\u00ednios exclusivos.<\/p>\n<p>Por Reda\u00e7\u00e3o Acontece<\/p>\n<p>Cr\u00e9ditos da imagem: Reprodu\u00e7\u00e3o<\/p>\n","protected":false},"excerpt":{"rendered":"<p>Uma das propriedades mais simb\u00f3licas e valiosas do Rio de Janeiro inicia sua demoli\u00e7\u00e3o nesta quinta-feira (3), marcando o fim de uma era no tradicional bairro do Leblon. O fim da mans\u00e3o milion\u00e1ria Situada no exclusivo condom\u00ednio Jardim Pernambuco, a resid\u00eancia que ostentava o t\u00edtulo de im\u00f3vel mais caro do pa\u00eds, com pre\u00e7o de an\u00fancio [&hellip;]<\/p>\n","protected":false},"author":0,"featured_media":33967,"comment_status":"open","ping_status":"open","sticky":false,"template":"","format":"standard","meta":{"footnotes":""},"categories":[28],"tags":[],"class_list":["post-33962","post","type-post","status-publish","format-standard","has-post-thumbnail","hentry","category-mundo"],"_links":{"self":[{"href":"https:\/\/acontecenafronteira.com.br\/index.php\/wp-json\/wp\/v2\/posts\/33962","targetHints":{"allow":["GET"]}}],"collection":[{"href":"https:\/\/acontecenafronteira.com.br\/index.php\/wp-json\/wp\/v2\/posts"}],"about":[{"href":"https:\/\/acontecenafronteira.com.br\/index.php\/wp-json\/wp\/v2\/types\/post"}],"replies":[{"embeddable":true,"href":"https:\/\/acontecenafronteira.com.br\/index.php\/wp-json\/wp\/v2\/comments?post=33962"}],"version-history":[{"count":1,"href":"https:\/\/acontecenafronteira.com.br\/index.php\/wp-json\/wp\/v2\/posts\/33962\/revisions"}],"predecessor-version":[{"id":33966,"href":"https:\/\/acontecenafronteira.com.br\/index.php\/wp-json\/wp\/v2\/posts\/33962\/revisions\/33966"}],"wp:featuredmedia":[{"embeddable":true,"href":"https:\/\/acontecenafronteira.com.br\/index.php\/wp-json\/wp\/v2\/media\/33967"}],"wp:attachment":[{"href":"https:\/\/acontecenafronteira.com.br\/index.php\/wp-json\/wp\/v2\/media?parent=33962"}],"wp:term":[{"taxonomy":"category","embeddable":true,"href":"https:\/\/acontecenafronteira.com.br\/index.php\/wp-json\/wp\/v2\/categories?post=33962"},{"taxonomy":"post_tag","embeddable":true,"href":"https:\/\/acontecenafronteira.com.br\/index.php\/wp-json\/wp\/v2\/tags?post=33962"}],"curies":[{"name":"wp","href":"https:\/\/api.w.org\/{rel}","templated":true}]}}