{"id":33953,"date":"2026-09-02T17:36:45","date_gmt":"2026-09-02T20:36:45","guid":{"rendered":"https:\/\/acontecenafronteira.com.br\/?p=33953"},"modified":"2026-09-02T17:36:45","modified_gmt":"2026-09-02T20:36:45","slug":"escola-civico-militar-e-investigada-por-cameras-em-banheiros","status":"publish","type":"post","link":"https:\/\/acontecenafronteira.com.br\/index.php\/2026\/09\/02\/escola-civico-militar-e-investigada-por-cameras-em-banheiros\/","title":{"rendered":"Escola c\u00edvico-militar \u00e9 investigada por c\u00e2meras em banheiros"},"content":{"rendered":"<p>Uma institui\u00e7\u00e3o de ensino com modelo c\u00edvico-militar est\u00e1 sob investiga\u00e7\u00e3o ap\u00f3s den\u00fancias apontarem a suposta presen\u00e7a de equipamentos de monitoramento em toaletes estudantis. O caso veio \u00e0 tona nesta ter\u00e7a-feira (1\u00ba), gerando forte repercuss\u00e3o entre pais, alunos e autoridades locais.<\/p>\n<h2>Entenda o caso da escola investigada<\/h2>\n<p>As den\u00fancias recaem sobre o <strong>Col\u00e9gio C\u00edvico-Militar Etelvina<\/strong>, onde o sistema de vigil\u00e2ncia teria sido instalado em \u00e1reas de uso privativo dos estudantes, levantando s\u00e9rias quest\u00f5es sobre a privacidade e os direitos fundamentais no ambiente escolar.<\/p>\n<h2>Repercuss\u00e3o e pr\u00f3ximos passos<\/h2>\n<p>\u00d3rg\u00e3os competentes j\u00e1 foram acionados para apurar a veracidade dos fatos e determinar quais medidas legais e administrativas dever\u00e3o ser tomadas em rela\u00e7\u00e3o \u00e0 gest\u00e3o da unidade de ensino.<\/p>\n<p>A comunidade escolar aguarda posicionamentos oficiais detalhados enquanto a investiga\u00e7\u00e3o prossegue para esclarecer quem autorizou a coloca\u00e7\u00e3o dos dispositivos e qual era a finalidade do monitoramento nesses locais.<\/p>\n<p>Por Reda\u00e7\u00e3o Acontece<\/p>\n<p>Cr\u00e9ditos da imagem: Divulga\u00e7\u00e3o<\/p>\n","protected":false},"excerpt":{"rendered":"<p>Uma institui\u00e7\u00e3o de ensino com modelo c\u00edvico-militar est\u00e1 sob investiga\u00e7\u00e3o ap\u00f3s den\u00fancias apontarem a suposta presen\u00e7a de equipamentos de monitoramento em toaletes estudantis. O caso veio \u00e0 tona nesta ter\u00e7a-feira (1\u00ba), gerando forte repercuss\u00e3o entre pais, alunos e autoridades locais. Entenda o caso da escola investigada As den\u00fancias recaem sobre o Col\u00e9gio C\u00edvico-Militar Etelvina, onde [&hellip;]<\/p>\n","protected":false},"author":0,"featured_media":33961,"comment_status":"open","ping_status":"open","sticky":false,"template":"","format":"standard","meta":{"footnotes":""},"categories":[18],"tags":[],"class_list":["post-33953","post","type-post","status-publish","format-standard","has-post-thumbnail","hentry","category-parana"],"_links":{"self":[{"href":"https:\/\/acontecenafronteira.com.br\/index.php\/wp-json\/wp\/v2\/posts\/33953","targetHints":{"allow":["GET"]}}],"collection":[{"href":"https:\/\/acontecenafronteira.com.br\/index.php\/wp-json\/wp\/v2\/posts"}],"about":[{"href":"https:\/\/acontecenafronteira.com.br\/index.php\/wp-json\/wp\/v2\/types\/post"}],"replies":[{"embeddable":true,"href":"https:\/\/acontecenafronteira.com.br\/index.php\/wp-json\/wp\/v2\/comments?post=33953"}],"version-history":[{"count":1,"href":"https:\/\/acontecenafronteira.com.br\/index.php\/wp-json\/wp\/v2\/posts\/33953\/revisions"}],"predecessor-version":[{"id":33960,"href":"https:\/\/acontecenafronteira.com.br\/index.php\/wp-json\/wp\/v2\/posts\/33953\/revisions\/33960"}],"wp:featuredmedia":[{"embeddable":true,"href":"https:\/\/acontecenafronteira.com.br\/index.php\/wp-json\/wp\/v2\/media\/33961"}],"wp:attachment":[{"href":"https:\/\/acontecenafronteira.com.br\/index.php\/wp-json\/wp\/v2\/media?parent=33953"}],"wp:term":[{"taxonomy":"category","embeddable":true,"href":"https:\/\/acontecenafronteira.com.br\/index.php\/wp-json\/wp\/v2\/categories?post=33953"},{"taxonomy":"post_tag","embeddable":true,"href":"https:\/\/acontecenafronteira.com.br\/index.php\/wp-json\/wp\/v2\/tags?post=33953"}],"curies":[{"name":"wp","href":"https:\/\/api.w.org\/{rel}","templated":true}]}}