{"id":33952,"date":"2026-09-02T17:36:42","date_gmt":"2026-09-02T20:36:42","guid":{"rendered":"https:\/\/acontecenafronteira.com.br\/?p=33952"},"modified":"2026-09-02T17:36:42","modified_gmt":"2026-09-02T20:36:42","slug":"gre-nal-na-copa-do-brasil-tudo-sobre-o-classico-454","status":"publish","type":"post","link":"https:\/\/acontecenafronteira.com.br\/index.php\/2026\/09\/02\/gre-nal-na-copa-do-brasil-tudo-sobre-o-classico-454\/","title":{"rendered":"Gre-Nal na Copa do Brasil: Tudo sobre o cl\u00e1ssico 454"},"content":{"rendered":"<p>Marcado para esta quinta-feira, 03 de setembro, o futebol brasileiro para para acompanhar mais um cap\u00edtulo da maior rivalidade do Rio Grande do Sul. O cl\u00e1ssico <strong>Gre-Nal 454<\/strong> vale uma vaga decisiva na semifinal da <strong>Copa do Brasil<\/strong>, colocando frente a frente duas das maiores for\u00e7as do esporte nacional.<\/p>\n<h2>O palco do confronto decisivo<\/h2>\n<p>A bola rola a partir das 20 horas na <strong>Arena do Gr\u00eamio<\/strong>, casa tricolor que promete receber um p\u00fablico vibrante para empurrar a equipe mandante rumo \u00e0 classifica\u00e7\u00e3o na competi\u00e7\u00e3o mata-mata.<\/p>\n<h2>Expectativa para o cl\u00e1ssico<\/h2>\n<p>O duelo re\u00fane ingredientes hist\u00f3ricos e atuais que elevam a tens\u00e3o da partida. Ambas as equipes entram em campo focadas em garantir a sobreviv\u00eancia no torneio nacional, o que promete muita intensidade ao longo dos noventa minutos na capital ga\u00facha.<\/p>\n<p>A rivalidade centen\u00e1ria ganha mais um cap\u00edtulo determinante nesta noite, onde cada detalhe t\u00e1tico e individual pode definir o futuro dos clubes na competi\u00e7\u00e3o organizada pela Confedera\u00e7\u00e3o Brasileira de Futebol.<\/p>\n<p>A torcida aguarda ansiosa pelo apito inicial que dar\u00e1 in\u00edcio a mais uma batalha \u00e9pica do futebol sul-rio-grandense, com transmiss\u00e3o ao vivo para todo o pa\u00eds.<\/p>\n<p>Com o <strong>hist\u00f3rico confronto<\/strong> prestes a come\u00e7ar, jogadores e comiss\u00f5es t\u00e9cnicas ajustam os \u00faltimos detalhes para buscar o resultado positivo longe ou perto de sua torcida.<\/p>\n<p>Por Reda\u00e7\u00e3o Acontece<\/p>\n<p>Cr\u00e9ditos da imagem: Divulga\u00e7\u00e3o \/ Gr\u00eamio FBPA<\/p>\n","protected":false},"excerpt":{"rendered":"<p>Marcado para esta quinta-feira, 03 de setembro, o futebol brasileiro para para acompanhar mais um cap\u00edtulo da maior rivalidade do Rio Grande do Sul. O cl\u00e1ssico Gre-Nal 454 vale uma vaga decisiva na semifinal da Copa do Brasil, colocando frente a frente duas das maiores for\u00e7as do esporte nacional. O palco do confronto decisivo A [&hellip;]<\/p>\n","protected":false},"author":0,"featured_media":33959,"comment_status":"open","ping_status":"open","sticky":false,"template":"","format":"standard","meta":{"footnotes":""},"categories":[18],"tags":[],"class_list":["post-33952","post","type-post","status-publish","format-standard","has-post-thumbnail","hentry","category-parana"],"_links":{"self":[{"href":"https:\/\/acontecenafronteira.com.br\/index.php\/wp-json\/wp\/v2\/posts\/33952","targetHints":{"allow":["GET"]}}],"collection":[{"href":"https:\/\/acontecenafronteira.com.br\/index.php\/wp-json\/wp\/v2\/posts"}],"about":[{"href":"https:\/\/acontecenafronteira.com.br\/index.php\/wp-json\/wp\/v2\/types\/post"}],"replies":[{"embeddable":true,"href":"https:\/\/acontecenafronteira.com.br\/index.php\/wp-json\/wp\/v2\/comments?post=33952"}],"version-history":[{"count":1,"href":"https:\/\/acontecenafronteira.com.br\/index.php\/wp-json\/wp\/v2\/posts\/33952\/revisions"}],"predecessor-version":[{"id":33958,"href":"https:\/\/acontecenafronteira.com.br\/index.php\/wp-json\/wp\/v2\/posts\/33952\/revisions\/33958"}],"wp:featuredmedia":[{"embeddable":true,"href":"https:\/\/acontecenafronteira.com.br\/index.php\/wp-json\/wp\/v2\/media\/33959"}],"wp:attachment":[{"href":"https:\/\/acontecenafronteira.com.br\/index.php\/wp-json\/wp\/v2\/media?parent=33952"}],"wp:term":[{"taxonomy":"category","embeddable":true,"href":"https:\/\/acontecenafronteira.com.br\/index.php\/wp-json\/wp\/v2\/categories?post=33952"},{"taxonomy":"post_tag","embeddable":true,"href":"https:\/\/acontecenafronteira.com.br\/index.php\/wp-json\/wp\/v2\/tags?post=33952"}],"curies":[{"name":"wp","href":"https:\/\/api.w.org\/{rel}","templated":true}]}}